{"id":9945,"date":"2025-06-27T19:39:02","date_gmt":"2025-06-28T00:39:02","guid":{"rendered":"https:\/\/cartagenaaldia.com\/?p=9945"},"modified":"2025-06-27T19:39:02","modified_gmt":"2025-06-28T00:39:02","slug":"baru-2030-impulsa-fiestas-del-pescador-y-fortalece-identidad-cultural-islena","status":"publish","type":"post","link":"https:\/\/cartagenaaldia.com\/index.php\/2025\/06\/27\/baru-2030-impulsa-fiestas-del-pescador-y-fortalece-identidad-cultural-islena\/","title":{"rendered":"Bar\u00fa 2030 impulsa Fiestas del Pescador y fortalece identidad cultural isle\u00f1a"},"content":{"rendered":"\n<p><strong>Con m\u00fasica, tradici\u00f3n, memoria y mar, la isla de Bar\u00fa celebr\u00f3 las Fiestas del Pescador<\/strong>, tambi\u00e9n conocidas como el 24 de San Juan. Esta conmemoraci\u00f3n, profundamente arraigada en la identidad barulera, reuni\u00f3 a habitantes de toda la isla y poblaciones vecinas como <strong>Ca\u00f1o del Oro y Bocachica<\/strong> en la playa de Los Muertos, espacio emblem\u00e1tico de Bar\u00fa Pueblo.<\/p>\n\n\n\n<p><strong>Impacto Colectivo Bar\u00fa 2030, estrategia de desarrollo sostenible en la isla, se uni\u00f3 a esta celebraci\u00f3n<\/strong>, destacando que reconocer las ra\u00edces es clave para construir comunidad desde lo colectivo. <strong>\u201cEl desarrollo empieza por la cultura, por lo que somos y por lo que compartimos\u201d,<\/strong> afirm\u00f3 Arsenio Daza, gerente de la estrategia Bar\u00fa 2030.<\/p>\n\n\n\n<figure class=\"wp-block-image size-large\"><img fetchpriority=\"high\" decoding=\"async\" width=\"1024\" height=\"682\" src=\"https:\/\/cartagenaaldia.com\/wp-content\/uploads\/2025\/06\/Fundacion-Santodomingo-1-1024x682.webp\" alt=\"\" class=\"wp-image-9949\"\/><\/figure>\n\n\n\n<p>La jornada se desarroll\u00f3 en articulaci\u00f3n con el <strong>Consejo Comunitario de Bar\u00fa Pueblo<\/strong>, incluyendo actividades como concursos de deportes acu\u00e1ticos, torneos de voleibol y din\u00e1micas especiales para adultos mayores. Estos espacios <strong>fomentaron la integraci\u00f3n intergeneracional y el rescate de saberes ancestrales<\/strong>, en un ambiente de respeto y alegr\u00eda.<\/p>\n\n\n\n<p><strong>El se\u00f1or Miguel \u00c1ngel Bola\u00f1os, pescador de Bar\u00fa Pueblo con m\u00e1s de 30 a\u00f1os de experiencia<\/strong>, record\u00f3 con emoci\u00f3n c\u00f3mo estas fiestas han sido pilar de la comunidad:<br><em>\u201cLas Fiestas del Pescador se llevan en la sangre. Eduqu\u00e9 a mis hijos siendo pescador, constru\u00ed mi casa con este oficio. Si volviera a nacer, volver\u00eda a ser pescador. Esta tradici\u00f3n no se puede perder\u201d.<\/em><\/p>\n\n\n\n<p><strong>M\u00e1s all\u00e1 de una conmemoraci\u00f3n, el evento fue una manifestaci\u00f3n de identidad cultural y uni\u00f3n comunitaria.<\/strong> En palabras de Daza, <em>\u201ceste encuentro ancestral fortaleci\u00f3 el tejido social y revitaliz\u00f3 el sentido cultural comunitario, que estamos llamados a preservar\u201d<\/em>.<\/p>\n\n\n\n<figure class=\"wp-block-image size-large\"><img decoding=\"async\" width=\"1024\" height=\"682\" src=\"https:\/\/cartagenaaldia.com\/wp-content\/uploads\/2025\/06\/Fundacion-Santodomingo-2-1024x682.webp\" alt=\"\" class=\"wp-image-9951\"\/><\/figure>\n\n\n\n<p>Bar\u00fa 2030 reafirm\u00f3 su compromiso de seguir acompa\u00f1ando estos espacios, convencido de que <strong>la cultura, el trabajo colectivo y el reconocimiento de las tradiciones son ejes esenciales del desarrollo sostenible<\/strong>. La estrategia es posible gracias a la articulaci\u00f3n de la comunidad y aliados como Fundaci\u00f3n Decameron, Fundaci\u00f3n Hern\u00e1n Echavarr\u00eda Ol\u00f3zaga, Fundaci\u00f3n Santo Domingo, Grupo Argos, Pei AM, Sociedad Portuaria Puerto Bah\u00eda, SPEC LNG y su Fundaci\u00f3n Promigas, Traso, Valorem y Veolia.<\/p>\n\n\n\n<p><strong>Las Fiestas del Pescador no son solo memoria, sino presente y futuro.<\/strong> Al recuperar la esencia de lo que une a la comunidad, Bar\u00fa demuestra que <strong>la transformaci\u00f3n territorial inicia en la dignificaci\u00f3n de lo ancestral.<\/strong> Este tipo de celebraciones no solo rescatan valores tradicionales, sino que tambi\u00e9n crean espacios de <strong>cohesi\u00f3n social, visibilidad y esperanza para nuevas generaciones.<\/strong> Bar\u00fa 2030 continuar\u00e1 construyendo futuro desde la ra\u00edz.<\/p>\n\n\n\n<div class=\"wp-block-media-text is-stacked-on-mobile is-image-fill-element\"><figure  class=\"wp-block-media-text__media\"><img decoding=\"async\" width=\"1200\" height=\"750\" alt=\"\" src=\"https:\/\/cartagenaaldia.com\/wp-content\/uploads\/2025\/06\/Fundacion-Santodomingo.webp\" style=\"object-position:50% 50%;\" class=\"wp-image-9948 size-full\"><\/figure><div class=\"wp-block-media-text__content\">\n<p>La isla de Bar\u00fa celebr\u00f3 con orgullo las tradicionales Fiestas del Pescador. Bar\u00fa 2030 acompa\u00f1\u00f3 esta conmemoraci\u00f3n ancestral con actividades deportivas, culturales y recreativas, resaltando el valor de la identidad barulera. La comunidad reafirma su v\u00ednculo con el mar y proyecta su desarrollo desde las ra\u00edces y la memoria colectiva.<\/p>\n<\/div><\/div>\n","protected":false},"excerpt":{"rendered":"<p>La celebraci\u00f3n ancestral en Bar\u00fa resalta tradiciones, memoria colectiva y desarrollo sostenible comunitario integral<\/p>\n","protected":false},"author":2,"featured_media":9948,"comment_status":"closed","ping_status":"closed","sticky":false,"template":"","format":"standard","meta":{"om_disable_all_campaigns":false,"_monsterinsights_skip_tracking":false,"_monsterinsights_sitenote_active":false,"_monsterinsights_sitenote_note":"","_monsterinsights_sitenote_category":0,"footnotes":""},"categories":[110,102,104],"tags":[195,194,612,478,563],"class_list":["post-9945","post","type-post","status-publish","format-standard","has-post-thumbnail","hentry","category-bolivar","category-generales","category-turismo","tag-corporacion-turismo-cartagena-de-indias","tag-corpoturismo","tag-fundacion-mario-santodomingo","tag-secretaria-turismo-cartagena","tag-viceminsterio-turismo"],"_links":{"self":[{"href":"https:\/\/cartagenaaldia.com\/index.php\/wp-json\/wp\/v2\/posts\/9945","targetHints":{"allow":["GET"]}}],"collection":[{"href":"https:\/\/cartagenaaldia.com\/index.php\/wp-json\/wp\/v2\/posts"}],"about":[{"href":"https:\/\/cartagenaaldia.com\/index.php\/wp-json\/wp\/v2\/types\/post"}],"author":[{"embeddable":true,"href":"https:\/\/cartagenaaldia.com\/index.php\/wp-json\/wp\/v2\/users\/2"}],"replies":[{"embeddable":true,"href":"https:\/\/cartagenaaldia.com\/index.php\/wp-json\/wp\/v2\/comments?post=9945"}],"version-history":[{"count":5,"href":"https:\/\/cartagenaaldia.com\/index.php\/wp-json\/wp\/v2\/posts\/9945\/revisions"}],"predecessor-version":[{"id":9953,"href":"https:\/\/cartagenaaldia.com\/index.php\/wp-json\/wp\/v2\/posts\/9945\/revisions\/9953"}],"wp:featuredmedia":[{"embeddable":true,"href":"https:\/\/cartagenaaldia.com\/index.php\/wp-json\/wp\/v2\/media\/9948"}],"wp:attachment":[{"href":"https:\/\/cartagenaaldia.com\/index.php\/wp-json\/wp\/v2\/media?parent=9945"}],"wp:term":[{"taxonomy":"category","embeddable":true,"href":"https:\/\/cartagenaaldia.com\/index.php\/wp-json\/wp\/v2\/categories?post=9945"},{"taxonomy":"post_tag","embeddable":true,"href":"https:\/\/cartagenaaldia.com\/index.php\/wp-json\/wp\/v2\/tags?post=9945"}],"curies":[{"name":"wp","href":"https:\/\/api.w.org\/{rel}","templated":true}]}}