{"id":9793,"date":"2025-06-18T14:24:42","date_gmt":"2025-06-18T19:24:42","guid":{"rendered":"https:\/\/cartagenaaldia.com\/?p=9793"},"modified":"2025-06-18T15:42:47","modified_gmt":"2025-06-18T20:42:47","slug":"crisis-en-sistema-de-salud-exige-ajustes-urgentes-y-pagos-del-gobierno-nacional","status":"publish","type":"post","link":"https:\/\/cartagenaaldia.com\/index.php\/2025\/06\/18\/crisis-en-sistema-de-salud-exige-ajustes-urgentes-y-pagos-del-gobierno-nacional\/","title":{"rendered":"Crisis en sistema de salud exige ajustes urgentes y pagos del Gobierno Nacional"},"content":{"rendered":"\n<p><strong>Representantes del sector salud presentes en el 31 Foro de la Salud -ANDI advirtieron sobre la gravedad de la situaci\u00f3n financiera<\/strong> que atraviesa el sistema en Colombia, tras evaluar indicadores que evidencian el crecimiento desmedido de la cartera vencida y el retraso en los pagos por parte del Gobierno Nacional. En un llamado conjunto, pidieron acciones urgentes para <strong>estabilizar el sistema y recuperar su viabilidad<\/strong>.<\/p>\n\n\n\n<p>Durante un encuentro con expertos y l\u00edderes gremiales, se plante\u00f3 una reflexi\u00f3n cr\u00edtica: <strong>\u00bfqu\u00e9 tanto puede recuperarse del sistema actual y cu\u00e1nto necesita transformarse?<\/strong> La respuesta no es sencilla, pero el consenso gira en torno a la necesidad de construir un nuevo modelo con base en la evidencia t\u00e9cnica, la transparencia y el di\u00e1logo amplio.<\/p>\n\n\n\n<p><strong>\u201cTenemos que identificar claramente d\u00f3nde est\u00e1n las fallas. Hay una responsabilidad compartida, pero la urgencia es de todos\u201d,<\/strong> se concluy\u00f3 Bruces MacMaster presidente de la ANDI.<\/p>\n\n\n\n<p>Una de las mayores preocupaciones expuestas fue el <strong>crecimiento exponencial de la cartera<\/strong>, que en algunos casos se ha multiplicado hasta por 40. <strong>La cartera vencida se duplic\u00f3,<\/strong> y la <strong>cartera castigada ya representa hasta el 75% de la cartera vigente.<\/strong> Esta situaci\u00f3n compromete la capacidad operativa de cl\u00ednicas, hospitales y aseguradoras.<\/p>\n\n\n\n<p>A pesar de las alertas emitidas por la Corte Constitucional, <strong>el Gobierno Nacional no ha realizado los pagos correspondientes a los presupuestos m\u00e1ximos<\/strong>, ni ha cumplido con el incremento razonable de la Unidad de Pago por Capitaci\u00f3n (UPC), herramienta clave en la financiaci\u00f3n del sistema.<\/p>\n\n\n\n<p><strong>\u201cLe mostramos al Gobierno un c\u00e1lculo t\u00e9cnico que justificaba un aumento del 16% en la UPC<\/strong>, basado en las necesidades reales de los pacientes colombianos\u201d, se indic\u00f3 en la mesa. Sin embargo, <strong>la respuesta presidencial fue fijar un aumento del 5,31%<\/strong>, lo que se percibi\u00f3 como un desconocimiento de la realidad del sector.<\/p>\n\n\n\n<p><strong>La Corte Constitucional orden\u00f3 crear una mesa t\u00e9cnica de concertaci\u00f3n para definir el incremento de la UPC<\/strong>, pero seg\u00fan los voceros del sector, dicha mesa <strong>no ha tenido avances sustanciales ni convocatorias serias.<\/strong> No se incluy\u00f3 a gremios clave como la ANDI, lo que <strong>debilita la legitimidad del proceso.<\/strong><\/p>\n\n\n\n<p>A junio de 2025, <strong>la UPC sigue con el mismo ajuste decretado a inicios de a\u00f1o<\/strong>, sin una revisi\u00f3n real de su impacto en la prestaci\u00f3n de servicios ni en la sostenibilidad financiera del sistema.<\/p>\n\n\n\n<p><strong>El llamado del sector es claro: se necesita voluntad pol\u00edtica, capacidad t\u00e9cnica y di\u00e1logo genuino.<\/strong> No solo para corregir las decisiones erradas que han debilitado el sistema, sino para garantizar que los colombianos accedan a una atenci\u00f3n en salud digna, oportuna y de calidad.<\/p>\n\n\n\n<p><strong>El sistema de salud colombiano, considerado uno de los m\u00e1s importantes logros sociales del pa\u00eds en d\u00e9cadas recientes,<\/strong> enfrenta una de sus pruebas m\u00e1s complejas. <strong>Restaurar su estabilidad depende de decisiones responsables, concertadas y transparentes.<\/strong> El futuro de millones de usuarios est\u00e1 en juego, as\u00ed como la continuidad de servicios esenciales en todo el territorio nacional.<\/p>\n\n\n\n<div class=\"wp-block-media-text is-stacked-on-mobile is-image-fill-element\"><figure  class=\"wp-block-media-text__media\"><img fetchpriority=\"high\" decoding=\"async\" width=\"1200\" height=\"750\" alt=\"\" src=\"https:\/\/cartagenaaldia.com\/wp-content\/uploads\/2025\/06\/Andi-Foro-Salud.webp\" style=\"object-position:50% 50%;\" class=\"wp-image-9795 size-full\"><\/figure><div class=\"wp-block-media-text__content\">\n<p>Representantes del sector salud alertaron sobre el grave deterioro financiero del sistema. Denuncian falta de pagos del Gobierno, cartera vencida duplicada y decisiones que afectan su sostenibilidad. Piden revisar el incremento de la UPC y construir soluciones concertadas. El pa\u00eds necesita estabilizar su sistema de salud de forma urgente.<\/p>\n<\/div><\/div>\n","protected":false},"excerpt":{"rendered":"<p>Sector salud alerta sobre cartera vencida y decisiones que afectan la sostenibilidad del sistema colombiano<\/p>\n","protected":false},"author":2,"featured_media":9795,"comment_status":"closed","ping_status":"closed","sticky":false,"template":"","format":"standard","meta":{"om_disable_all_campaigns":false,"_monsterinsights_skip_tracking":false,"_monsterinsights_sitenote_active":false,"_monsterinsights_sitenote_note":"","_monsterinsights_sitenote_category":0,"footnotes":""},"categories":[115,103,102,109],"tags":[222,798],"class_list":["post-9793","post","type-post","status-publish","format-standard","has-post-thumbnail","hentry","category-colombia","category-economia","category-generales","category-salud","tag-andi","tag-foro-de-la-salud"],"_links":{"self":[{"href":"https:\/\/cartagenaaldia.com\/index.php\/wp-json\/wp\/v2\/posts\/9793","targetHints":{"allow":["GET"]}}],"collection":[{"href":"https:\/\/cartagenaaldia.com\/index.php\/wp-json\/wp\/v2\/posts"}],"about":[{"href":"https:\/\/cartagenaaldia.com\/index.php\/wp-json\/wp\/v2\/types\/post"}],"author":[{"embeddable":true,"href":"https:\/\/cartagenaaldia.com\/index.php\/wp-json\/wp\/v2\/users\/2"}],"replies":[{"embeddable":true,"href":"https:\/\/cartagenaaldia.com\/index.php\/wp-json\/wp\/v2\/comments?post=9793"}],"version-history":[{"count":2,"href":"https:\/\/cartagenaaldia.com\/index.php\/wp-json\/wp\/v2\/posts\/9793\/revisions"}],"predecessor-version":[{"id":9797,"href":"https:\/\/cartagenaaldia.com\/index.php\/wp-json\/wp\/v2\/posts\/9793\/revisions\/9797"}],"wp:featuredmedia":[{"embeddable":true,"href":"https:\/\/cartagenaaldia.com\/index.php\/wp-json\/wp\/v2\/media\/9795"}],"wp:attachment":[{"href":"https:\/\/cartagenaaldia.com\/index.php\/wp-json\/wp\/v2\/media?parent=9793"}],"wp:term":[{"taxonomy":"category","embeddable":true,"href":"https:\/\/cartagenaaldia.com\/index.php\/wp-json\/wp\/v2\/categories?post=9793"},{"taxonomy":"post_tag","embeddable":true,"href":"https:\/\/cartagenaaldia.com\/index.php\/wp-json\/wp\/v2\/tags?post=9793"}],"curies":[{"name":"wp","href":"https:\/\/api.w.org\/{rel}","templated":true}]}}