{"id":9756,"date":"2025-06-14T13:55:24","date_gmt":"2025-06-14T18:55:24","guid":{"rendered":"https:\/\/cartagenaaldia.com\/?p=9756"},"modified":"2025-06-14T13:55:25","modified_gmt":"2025-06-14T18:55:25","slug":"fedepalma-instala-congreso-nacional-con-llamado-a-unidad-y-desarrollo-rural-sostenible","status":"publish","type":"post","link":"https:\/\/cartagenaaldia.com\/index.php\/2025\/06\/14\/fedepalma-instala-congreso-nacional-con-llamado-a-unidad-y-desarrollo-rural-sostenible\/","title":{"rendered":"Fedepalma instala Congreso Nacional con llamado a unidad y desarrollo rural sostenible"},"content":{"rendered":"\n<p>Con un fuerte mensaje de unidad nacional, desarrollo rural y resiliencia, el presidente de Fedepalma, Nicol\u00e1s P\u00e9rez Marulanda, instal\u00f3 el 53\u00b0 Congreso Nacional de Cultivadores de Palma de Aceite en Cali. El evento se desarrolla del 11 al 13 de junio en el Centro de Eventos Valle del Pac\u00edfico y re\u00fane a m\u00e1s de mil asistentes del sector palmero colombiano.<\/p>\n\n\n\n<p>En su discurso inaugural, P\u00e9rez Marulanda manifest\u00f3 su solidaridad con las v\u00edctimas del reciente sismo en el oriente del pa\u00eds y los hechos de violencia en Cali. Adem\u00e1s, realiz\u00f3 un llamado urgente al ELN para que liberen a Yenni Salazar Sabaleta, hija del palmicultor Juan Salazar, secuestrada desde el 21 de febrero.<\/p>\n\n\n\n<p>Bajo el lema \u201cSembrando futuro, construyendo pa\u00eds\u201d, el presidente de Fedepalma destac\u00f3 los logros de la agroindustria palmera, desde su consolidaci\u00f3n institucional y sostenibilidad, hasta las nuevas oportunidades en mercados como biocombustibles, alimentaci\u00f3n animal y aceites diferenciados. Con m\u00e1s de 8.200 palmicultores, 233.000 empleos y presencia en 169 municipios, el sector representa el 10,5% del PIB agr\u00edcola del pa\u00eds.<\/p>\n\n\n\n<p>La inversi\u00f3n del gremio en investigaci\u00f3n supera los $887.000 millones, canalizados a trav\u00e9s de la parafiscalidad, lo que ha permitido consolidar una agroindustria moderna, competitiva y sostenible.<br>En cuanto a inclusi\u00f3n, el gremio present\u00f3 avances importantes: mayor participaci\u00f3n de peque\u00f1os y medianos productores y el lanzamiento de la Pol\u00edtica Sectorial de Equidad de G\u00e9nero, que busca reducir brechas entre hombres y mujeres. Actualmente, el 32% de los productores son mujeres y el 17,5% del empleo directo es femenino.<\/p>\n\n\n\n<p>En sostenibilidad, el 99% del \u00e1rea cultivada de palma en Colombia est\u00e1 libre de deforestaci\u00f3n, seg\u00fan monitoreo en tiempo real. Adem\u00e1s, 19 plantas est\u00e1n aprovechando biog\u00e1s, evitando la emisi\u00f3n de 560 mil toneladas de CO\u2082 al a\u00f1o. Tambi\u00e9n 369 productores ya est\u00e1n certificados bajo APSColombia, de los cuales el 65% son peque\u00f1os productores y el 34% mujeres.<\/p>\n\n\n\n<p>En cuanto a innovaci\u00f3n y diversificaci\u00f3n, el sector palmero explora nuevas oportunidades:<br>\u2022 Biocombustibles sostenibles (SAF), con pilotos exitosos y certificaci\u00f3n en curso ante la OACI.<br>\u2022 Alimentaci\u00f3n animal, con estudios preliminares que muestran mejora en eficiencia productiva.<br>\u2022 Aceites diferenciados, especialmente del h\u00edbrido OxG, que ya representa el 20% del \u00e1rea sembrada.<\/p>\n\n\n\n<p>Durante su intervenci\u00f3n, Nicol\u00e1s P\u00e9rez Marulanda fue enf\u00e1tico al se\u00f1alar que \u201csin seguridad no hay campo posible\u201d. Hizo un llamado al Gobierno Nacional para garantizar seguridad f\u00edsica y jur\u00eddica, asegurando que la falta de estas condiciones est\u00e1 frenando inversiones y afectando la confianza del sector rural.<\/p>\n\n\n\n<p>Fedepalma tambi\u00e9n entreg\u00f3 un reconocimiento especial a Palmas del Cesar por sus 65 a\u00f1os de trayectoria, compromiso con la sostenibilidad y liderazgo territorial mediante un modelo asociativo con peque\u00f1os productores.<\/p>\n\n\n\n<p>Al cierre de su intervenci\u00f3n, P\u00e9rez Marulanda record\u00f3 que el sector palmero es mucho m\u00e1s que aceite:<br>\u201cSomos un ecosistema de productores, trabajadores, empresas y comunidades. Si mantenemos la legalidad, la solidaridad y el compromiso, el futuro ser\u00e1 m\u00e1s prometedor para el campo colombiano.\u201d<\/p>\n\n\n\n<p>El 53\u00b0 Congreso Nacional de Palma de Aceite, organizado por Fedepalma y Cenipalma, incluye una muestra comercial con m\u00e1s de 50 empresas, as\u00ed como una agenda acad\u00e9mica de alto nivel que abordar\u00e1 los retos y oportunidades de esta agroindustria clave para el desarrollo rural de Colombia.<\/p>\n\n\n\n<div class=\"wp-block-media-text is-stacked-on-mobile is-image-fill-element\"><figure  class=\"wp-block-media-text__media\"><img fetchpriority=\"high\" decoding=\"async\" width=\"1200\" height=\"750\" alt=\"\" src=\"https:\/\/cartagenaaldia.com\/wp-content\/uploads\/2025\/06\/Fedepalma-Congreso-Cali.webp\" style=\"object-position:50% 50%;\" class=\"wp-image-9764 size-full\"><\/figure><div class=\"wp-block-media-text__content\">\n<p>En Cali se instal\u00f3 el 53\u00b0 Congreso Nacional de Palma de Aceite. Fedepalma hizo un llamado a la unidad, al desarrollo rural y a la seguridad en el campo. Con avances en equidad, sostenibilidad e innovaci\u00f3n, el sector reafirma su compromiso con el pa\u00eds. M\u00e1s de mil asistentes participan del evento.<\/p>\n<\/div><\/div>\n","protected":false},"excerpt":{"rendered":"<p>Congreso Nacional de Palma de Aceite promueve equidad, sostenibilidad y oportunidades en agroindustria colombiana<\/p>\n","protected":false},"author":2,"featured_media":9764,"comment_status":"closed","ping_status":"closed","sticky":false,"template":"","format":"standard","meta":{"om_disable_all_campaigns":false,"_monsterinsights_skip_tracking":false,"_monsterinsights_sitenote_active":false,"_monsterinsights_sitenote_note":"","_monsterinsights_sitenote_category":0,"footnotes":""},"categories":[115,103,102],"tags":[126],"class_list":["post-9756","post","type-post","status-publish","format-standard","has-post-thumbnail","hentry","category-colombia","category-economia","category-generales","tag-fedepalma"],"_links":{"self":[{"href":"https:\/\/cartagenaaldia.com\/index.php\/wp-json\/wp\/v2\/posts\/9756","targetHints":{"allow":["GET"]}}],"collection":[{"href":"https:\/\/cartagenaaldia.com\/index.php\/wp-json\/wp\/v2\/posts"}],"about":[{"href":"https:\/\/cartagenaaldia.com\/index.php\/wp-json\/wp\/v2\/types\/post"}],"author":[{"embeddable":true,"href":"https:\/\/cartagenaaldia.com\/index.php\/wp-json\/wp\/v2\/users\/2"}],"replies":[{"embeddable":true,"href":"https:\/\/cartagenaaldia.com\/index.php\/wp-json\/wp\/v2\/comments?post=9756"}],"version-history":[{"count":2,"href":"https:\/\/cartagenaaldia.com\/index.php\/wp-json\/wp\/v2\/posts\/9756\/revisions"}],"predecessor-version":[{"id":9758,"href":"https:\/\/cartagenaaldia.com\/index.php\/wp-json\/wp\/v2\/posts\/9756\/revisions\/9758"}],"wp:featuredmedia":[{"embeddable":true,"href":"https:\/\/cartagenaaldia.com\/index.php\/wp-json\/wp\/v2\/media\/9764"}],"wp:attachment":[{"href":"https:\/\/cartagenaaldia.com\/index.php\/wp-json\/wp\/v2\/media?parent=9756"}],"wp:term":[{"taxonomy":"category","embeddable":true,"href":"https:\/\/cartagenaaldia.com\/index.php\/wp-json\/wp\/v2\/categories?post=9756"},{"taxonomy":"post_tag","embeddable":true,"href":"https:\/\/cartagenaaldia.com\/index.php\/wp-json\/wp\/v2\/tags?post=9756"}],"curies":[{"name":"wp","href":"https:\/\/api.w.org\/{rel}","templated":true}]}}