{"id":9683,"date":"2025-06-06T10:50:03","date_gmt":"2025-06-06T15:50:03","guid":{"rendered":"https:\/\/cartagenaaldia.com\/?p=9683"},"modified":"2025-06-06T10:50:03","modified_gmt":"2025-06-06T15:50:03","slug":"retransmision-rendicion-de-cuentas-de-mutual-ser-2024","status":"publish","type":"post","link":"https:\/\/cartagenaaldia.com\/index.php\/2025\/06\/06\/retransmision-rendicion-de-cuentas-de-mutual-ser-2024\/","title":{"rendered":"Retransmisi\u00f3n Rendici\u00f3n de Cuentas de Mutual Ser 2024"},"content":{"rendered":"\n<p>El balance de gesti\u00f3n de Mutual Ser en el a\u00f1o 2024.<\/p>\n\n\n\n<figure class=\"wp-block-embed is-type-video is-provider-youtube wp-block-embed-youtube wp-embed-aspect-4-3 wp-has-aspect-ratio\"><div class=\"wp-block-embed__wrapper\">\n<iframe title=\"Audiencia de Rendici\u00f3n de Cuentas P\u00fablicas 2024 Mutualser EPS\" width=\"500\" height=\"375\" src=\"https:\/\/www.youtube.com\/embed\/oND3ZSfpknc?feature=oembed\" frameborder=\"0\" allow=\"accelerometer; autoplay; clipboard-write; encrypted-media; gyroscope; picture-in-picture; web-share\" referrerpolicy=\"strict-origin-when-cross-origin\" allowfullscreen><\/iframe>\n<\/div><\/figure>\n","protected":false},"excerpt":{"rendered":"<p>Nos unimos en retransmisi\u00f3n de la rendici\u00f3n de cuentas de Mutual Ser en el a\u00f1o 2024<\/p>\n","protected":false},"author":2,"featured_media":9684,"comment_status":"closed","ping_status":"closed","sticky":false,"template":"","format":"standard","meta":{"om_disable_all_campaigns":false,"_monsterinsights_skip_tracking":false,"_monsterinsights_sitenote_active":false,"_monsterinsights_sitenote_note":"","_monsterinsights_sitenote_category":0,"footnotes":""},"categories":[110,102,109],"tags":[346],"class_list":["post-9683","post","type-post","status-publish","format-standard","has-post-thumbnail","hentry","category-bolivar","category-generales","category-salud","tag-mutual-ser"],"_links":{"self":[{"href":"https:\/\/cartagenaaldia.com\/index.php\/wp-json\/wp\/v2\/posts\/9683","targetHints":{"allow":["GET"]}}],"collection":[{"href":"https:\/\/cartagenaaldia.com\/index.php\/wp-json\/wp\/v2\/posts"}],"about":[{"href":"https:\/\/cartagenaaldia.com\/index.php\/wp-json\/wp\/v2\/types\/post"}],"author":[{"embeddable":true,"href":"https:\/\/cartagenaaldia.com\/index.php\/wp-json\/wp\/v2\/users\/2"}],"replies":[{"embeddable":true,"href":"https:\/\/cartagenaaldia.com\/index.php\/wp-json\/wp\/v2\/comments?post=9683"}],"version-history":[{"count":2,"href":"https:\/\/cartagenaaldia.com\/index.php\/wp-json\/wp\/v2\/posts\/9683\/revisions"}],"predecessor-version":[{"id":9686,"href":"https:\/\/cartagenaaldia.com\/index.php\/wp-json\/wp\/v2\/posts\/9683\/revisions\/9686"}],"wp:featuredmedia":[{"embeddable":true,"href":"https:\/\/cartagenaaldia.com\/index.php\/wp-json\/wp\/v2\/media\/9684"}],"wp:attachment":[{"href":"https:\/\/cartagenaaldia.com\/index.php\/wp-json\/wp\/v2\/media?parent=9683"}],"wp:term":[{"taxonomy":"category","embeddable":true,"href":"https:\/\/cartagenaaldia.com\/index.php\/wp-json\/wp\/v2\/categories?post=9683"},{"taxonomy":"post_tag","embeddable":true,"href":"https:\/\/cartagenaaldia.com\/index.php\/wp-json\/wp\/v2\/tags?post=9683"}],"curies":[{"name":"wp","href":"https:\/\/api.w.org\/{rel}","templated":true}]}}