{"id":9622,"date":"2025-06-03T09:55:21","date_gmt":"2025-06-03T14:55:21","guid":{"rendered":"https:\/\/cartagenaaldia.com\/?p=9622"},"modified":"2025-06-03T09:57:53","modified_gmt":"2025-06-03T14:57:53","slug":"transcaribe-lanza-nueva-prueba-del-ecobus-entre-bodeguita-y-pie-de-la-popa","status":"publish","type":"post","link":"https:\/\/cartagenaaldia.com\/index.php\/2025\/06\/03\/transcaribe-lanza-nueva-prueba-del-ecobus-entre-bodeguita-y-pie-de-la-popa\/","title":{"rendered":"Transcaribe lanza nueva prueba del Ecob\u00fas entre Bodeguita y Pie de la Popa"},"content":{"rendered":"\n<p>El sistema de transporte masivo Transcaribe pondr\u00e1 en marcha, desde el pr\u00f3ximo mi\u00e9rcoles 4 de junio, el <strong>s\u00e9ptimo recorrido piloto del Ecob\u00fas<\/strong>, esta vez en la ruta que conecta la estaci\u00f3n Bodeguita con el sector de Pie de la Popa. Esta nueva prueba operar\u00e1 de forma gratuita, sin requerir tarjeta Transcaribe, como parte de la estrategia para medir <strong>factibilidad, demanda, tiempos de trayecto y acogida comunitaria<\/strong> de nuevas rutas urbanas sostenibles.<\/p>\n\n\n\n<p>El recorrido de prueba Bodeguita &#8211; Pie de la Popa funcionar\u00e1 <strong>en d\u00edas h\u00e1biles de 6:00 a.m. a 9:00 a.m. y de 5:00 p.m. a 8:00 p.m.<\/strong> El trazado fue definido en concertaci\u00f3n con residentes del sector, en un ejercicio de planificaci\u00f3n participativa que busca responder a las necesidades reales de movilidad y mejorar la cobertura del sistema en barrios estrat\u00e9gicos.<\/p>\n\n\n\n<p>La ruta tendr\u00e1 <strong>car\u00e1cter circular<\/strong>, con punto de inicio y final en el <strong>paradero del Parque de la Marina<\/strong>. Desde all\u00ed, tomar\u00e1 la Avenida Venezuela hacia Chambac\u00fa, girando a la derecha en el Mall Plaza para salir al Reloj Floral. Luego, se desplazar\u00e1 por la Calle 30, pasando por el Centro Comercial San Felipe y por los concesionarios automotores de la zona.<\/p>\n\n\n\n<p>Posteriormente, al llegar a la bomba Texaco en Pie de la Popa, girar\u00e1 por la Carrera 22 e ingresar\u00e1 a la Calle 29D, en direcci\u00f3n Centro, pasando por el sector de La Ermita. Luego, tomar\u00e1 la Calle 31, cubriendo puntos claves como la Universidad Los Libertadores y el estadio Mono Judas.<\/p>\n\n\n\n<p>El recorrido continuar\u00e1 por la Carrera 18 hasta Las Botas Viejas y retomar\u00e1 la Calle 30 para pasar frente al <strong>Castillo de San Felipe<\/strong>, uno de los \u00edconos tur\u00edsticos de la ciudad. Finalmente, tomar\u00e1 la Avenida Pedro de Heredia y retornar\u00e1 al <strong>Parque de la Marina<\/strong>, completando as\u00ed un circuito que conecta puntos residenciales, acad\u00e9micos, de salud y tur\u00edsticos.<\/p>\n\n\n\n<h3 class=\"wp-block-heading\">Paraderos del recorrido de prueba:<\/h3>\n\n\n\n<ul class=\"wp-block-list\">\n<li>Parque de la Marina<\/li>\n\n\n\n<li>Mall Plaza<\/li>\n\n\n\n<li>Parque de la Comida Caribe\u00f1a<\/li>\n\n\n\n<li>Reloj Solar<\/li>\n\n\n\n<li>Centro Comercial San Felipe<\/li>\n\n\n\n<li>Nissan<\/li>\n\n\n\n<li>Laboratorio Santa Luc\u00eda<\/li>\n\n\n\n<li>Frente a Cl\u00ednica Cartagena del Mar<\/li>\n\n\n\n<li>Mediblanc<\/li>\n\n\n\n<li>D1<\/li>\n\n\n\n<li>Frente a Notar\u00eda Tercera<\/li>\n\n\n\n<li>Drogas La Rebaja<\/li>\n\n\n\n<li>La Ermita<\/li>\n\n\n\n<li>Universidad Los Libertadores<\/li>\n\n\n\n<li>Estadio Mono Judas<\/li>\n\n\n\n<li>Las Botas Viejas<\/li>\n\n\n\n<li>Castillo de San Felipe<\/li>\n\n\n\n<li>Chambac\u00fa<\/li>\n\n\n\n<li>Avenida Venezuela<\/li>\n\n\n\n<li>Parque de la Marina<\/li>\n<\/ul>\n\n\n\n<p>El Ecob\u00fas piloto representa un <strong>compromiso ambiental y tecnol\u00f3gico<\/strong> del sistema Transcaribe con una movilidad m\u00e1s limpia, eficiente y acorde a los desaf\u00edos urbanos actuales. Los recorridos de prueba como este han permitido al Distrito evaluar, en condiciones reales, el comportamiento de nuevas rutas, su impacto en la comunidad y la viabilidad para su adopci\u00f3n permanente.<\/p>\n\n\n\n<p>Con esta nueva prueba piloto, Transcaribe da un paso m\u00e1s hacia la modernizaci\u00f3n de su servicio y la expansi\u00f3n de rutas pensadas desde el territorio y para sus ciudadanos. El \u00e9xito del recorrido Bodeguita &#8211; Pie de la Popa depender\u00e1 de la participaci\u00f3n activa de la comunidad, que tendr\u00e1 en sus manos la oportunidad de fortalecer esta propuesta de movilidad amigable con el ambiente, inclusiva y funcional. Adem\u00e1s, se sigue consolidando una <strong>cultura ciudadana de transporte colectivo<\/strong>, donde el sistema se ajusta al usuario, y no al rev\u00e9s.<\/p>\n\n\n\n<figure class=\"wp-block-image size-large\"><img fetchpriority=\"high\" decoding=\"async\" width=\"1024\" height=\"644\" src=\"https:\/\/cartagenaaldia.com\/wp-content\/uploads\/2025\/06\/Transcaribe-Mapa-Ruta-Pie-Popa-1024x644.webp\" alt=\"\" class=\"wp-image-9627\"\/><\/figure>\n","protected":false},"excerpt":{"rendered":"<p>S\u00e9ptimo recorrido piloto evaluar\u00e1 demanda y tiempos en ruta concertada con la comunidad local<\/p>\n","protected":false},"author":2,"featured_media":9626,"comment_status":"closed","ping_status":"closed","sticky":false,"template":"","format":"standard","meta":{"om_disable_all_campaigns":false,"_monsterinsights_skip_tracking":false,"_monsterinsights_sitenote_active":false,"_monsterinsights_sitenote_note":"","_monsterinsights_sitenote_category":0,"footnotes":""},"categories":[110,102],"tags":[275,313],"class_list":["post-9622","post","type-post","status-publish","format-standard","has-post-thumbnail","hentry","category-bolivar","category-generales","tag-alcaldia-cartagena","tag-alcaldia-cartagena-2"],"_links":{"self":[{"href":"https:\/\/cartagenaaldia.com\/index.php\/wp-json\/wp\/v2\/posts\/9622","targetHints":{"allow":["GET"]}}],"collection":[{"href":"https:\/\/cartagenaaldia.com\/index.php\/wp-json\/wp\/v2\/posts"}],"about":[{"href":"https:\/\/cartagenaaldia.com\/index.php\/wp-json\/wp\/v2\/types\/post"}],"author":[{"embeddable":true,"href":"https:\/\/cartagenaaldia.com\/index.php\/wp-json\/wp\/v2\/users\/2"}],"replies":[{"embeddable":true,"href":"https:\/\/cartagenaaldia.com\/index.php\/wp-json\/wp\/v2\/comments?post=9622"}],"version-history":[{"count":4,"href":"https:\/\/cartagenaaldia.com\/index.php\/wp-json\/wp\/v2\/posts\/9622\/revisions"}],"predecessor-version":[{"id":9628,"href":"https:\/\/cartagenaaldia.com\/index.php\/wp-json\/wp\/v2\/posts\/9622\/revisions\/9628"}],"wp:featuredmedia":[{"embeddable":true,"href":"https:\/\/cartagenaaldia.com\/index.php\/wp-json\/wp\/v2\/media\/9626"}],"wp:attachment":[{"href":"https:\/\/cartagenaaldia.com\/index.php\/wp-json\/wp\/v2\/media?parent=9622"}],"wp:term":[{"taxonomy":"category","embeddable":true,"href":"https:\/\/cartagenaaldia.com\/index.php\/wp-json\/wp\/v2\/categories?post=9622"},{"taxonomy":"post_tag","embeddable":true,"href":"https:\/\/cartagenaaldia.com\/index.php\/wp-json\/wp\/v2\/tags?post=9622"}],"curies":[{"name":"wp","href":"https:\/\/api.w.org\/{rel}","templated":true}]}}