{"id":9558,"date":"2025-05-30T01:16:12","date_gmt":"2025-05-30T06:16:12","guid":{"rendered":"https:\/\/cartagenaaldia.com\/?p=9558"},"modified":"2025-05-30T01:16:12","modified_gmt":"2025-05-30T06:16:12","slug":"consejo-gremial-de-bolivar-rechaza-cobro-por-valorizacion-en-corredor-cartagena-barranquilla","status":"publish","type":"post","link":"https:\/\/cartagenaaldia.com\/index.php\/2025\/05\/30\/consejo-gremial-de-bolivar-rechaza-cobro-por-valorizacion-en-corredor-cartagena-barranquilla\/","title":{"rendered":"Consejo Gremial de Bol\u00edvar rechaza cobro por valorizaci\u00f3n en corredor Cartagena\u2013Barranquilla"},"content":{"rendered":"\n<p>El Consejo Gremial de Bol\u00edvar manifest\u00f3 <strong>su firme oposici\u00f3n al cobro de la Contribuci\u00f3n Nacional de Valorizaci\u00f3n (CNV)<\/strong> implementado por el Instituto Nacional de V\u00edas (Inv\u00edas) en el <strong>corredor vial Cartagena\u2013Barranquilla y la Circunvalar de la Prosperidad<\/strong>. Para el gremio, este gravamen representa <strong>una carga tributaria injusta, arbitraria y carente de justificaci\u00f3n t\u00e9cnica<\/strong>, al tiempo que afecta a miles de propietarios sin demostrar beneficios concretos a los predios involucrados.<\/p>\n\n\n\n<p><strong>\u201cEste cobro desconoce los l\u00edmites institucionales del Inv\u00edas y vulnera principios constitucionales que rigen el sistema tributario en Colombia\u201d<\/strong>, sostuvo Juan Camilo Oliveros Calder\u00f3n, director ejecutivo del Consejo Gremial de Bol\u00edvar.<\/p>\n\n\n\n<p>Seg\u00fan la posici\u00f3n oficial, el gremio considera que <strong>la CNV impone una carga retroactiva<\/strong>, lo cual contradice <strong>la equidad, progresividad y legalidad<\/strong> exigidas por la Constituci\u00f3n en materia tributaria. A esta postura se han sumado m\u00faltiples voces del sector empresarial y ciudadano que exigen una revisi\u00f3n urgente del procedimiento.<\/p>\n\n\n\n<p>Frente a este escenario, <strong>el Consejo Gremial de Bol\u00edvar, junto con el Comit\u00e9 Intergremial del Atl\u00e1ntico<\/strong>, ha emprendido una <strong>estrategia jur\u00eddica s\u00f3lida<\/strong>, que incluye una <strong>acci\u00f3n de nulidad contra las resoluciones que sustentan el cobro<\/strong> y la <strong>solicitud de medidas cautelares ante el Consejo de Estado<\/strong>. Estas acciones buscan frenar la aplicaci\u00f3n de la medida mientras avanzan los procesos legales en curso.<\/p>\n\n\n\n<p>Paralelamente, <strong>el gremio respalda las iniciativas que han surgido desde el Congreso de la Rep\u00fablica y la Procuradur\u00eda General de la Naci\u00f3n<\/strong>, las cuales tambi\u00e9n buscan suspender este cobro hasta que se determinen las responsabilidades y la legalidad del mismo.<\/p>\n\n\n\n<p><strong>Los gremios instan al Gobierno Nacional a actuar con responsabilidad<\/strong>. En palabras de Oliveros Calder\u00f3n: <em>\u201cHacemos un llamado para que se suspenda este proceso, se convoque una mesa de di\u00e1logo y se escuchen las alternativas propuestas desde los gremios y la sociedad civil con seriedad y responsabilidad\u201d<\/em>.<\/p>\n\n\n\n<p>El Consejo Gremial de Bol\u00edvar subraya que <strong>esta no es una simple disputa legal, sino una defensa del principio de justicia tributaria<\/strong>, que afecta directamente la confianza de los ciudadanos en las instituciones y el desarrollo regional. En su opini\u00f3n, imponer un cobro sin sustento t\u00e9cnico ni social <strong>debilita la legitimidad del Estado y erosiona la voluntad de pago de los contribuyentes<\/strong>. Finalmente, el gremio reiter\u00f3 que su lucha se mantendr\u00e1 en el marco de la legalidad, buscando proteger los derechos de los propietarios afectados y promover un di\u00e1logo t\u00e9cnico, legal y participativo con el Gobierno Nacional.<\/p>\n","protected":false},"excerpt":{"rendered":"<p>Gremios califican la contribuci\u00f3n de valorizaci\u00f3n como injusta y contraria al orden constitucional<\/p>\n","protected":false},"author":2,"featured_media":9559,"comment_status":"closed","ping_status":"closed","sticky":false,"template":"","format":"standard","meta":{"om_disable_all_campaigns":false,"_monsterinsights_skip_tracking":false,"_monsterinsights_sitenote_active":false,"_monsterinsights_sitenote_note":"","_monsterinsights_sitenote_category":0,"footnotes":""},"categories":[110,103,102,105],"tags":[663],"class_list":["post-9558","post","type-post","status-publish","format-standard","has-post-thumbnail","hentry","category-bolivar","category-economia","category-generales","category-politica","tag-concejo-gremial-bolivar"],"_links":{"self":[{"href":"https:\/\/cartagenaaldia.com\/index.php\/wp-json\/wp\/v2\/posts\/9558","targetHints":{"allow":["GET"]}}],"collection":[{"href":"https:\/\/cartagenaaldia.com\/index.php\/wp-json\/wp\/v2\/posts"}],"about":[{"href":"https:\/\/cartagenaaldia.com\/index.php\/wp-json\/wp\/v2\/types\/post"}],"author":[{"embeddable":true,"href":"https:\/\/cartagenaaldia.com\/index.php\/wp-json\/wp\/v2\/users\/2"}],"replies":[{"embeddable":true,"href":"https:\/\/cartagenaaldia.com\/index.php\/wp-json\/wp\/v2\/comments?post=9558"}],"version-history":[{"count":1,"href":"https:\/\/cartagenaaldia.com\/index.php\/wp-json\/wp\/v2\/posts\/9558\/revisions"}],"predecessor-version":[{"id":9560,"href":"https:\/\/cartagenaaldia.com\/index.php\/wp-json\/wp\/v2\/posts\/9558\/revisions\/9560"}],"wp:featuredmedia":[{"embeddable":true,"href":"https:\/\/cartagenaaldia.com\/index.php\/wp-json\/wp\/v2\/media\/9559"}],"wp:attachment":[{"href":"https:\/\/cartagenaaldia.com\/index.php\/wp-json\/wp\/v2\/media?parent=9558"}],"wp:term":[{"taxonomy":"category","embeddable":true,"href":"https:\/\/cartagenaaldia.com\/index.php\/wp-json\/wp\/v2\/categories?post=9558"},{"taxonomy":"post_tag","embeddable":true,"href":"https:\/\/cartagenaaldia.com\/index.php\/wp-json\/wp\/v2\/tags?post=9558"}],"curies":[{"name":"wp","href":"https:\/\/api.w.org\/{rel}","templated":true}]}}