{"id":9509,"date":"2025-05-27T23:50:56","date_gmt":"2025-05-28T04:50:56","guid":{"rendered":"https:\/\/cartagenaaldia.com\/?p=9509"},"modified":"2025-05-27T23:50:57","modified_gmt":"2025-05-28T04:50:57","slug":"camara-aprueba-reforma-a-la-justicia-penal-para-sentencias-mas-rapidas-y-eficaces","status":"publish","type":"post","link":"https:\/\/cartagenaaldia.com\/index.php\/2025\/05\/27\/camara-aprueba-reforma-a-la-justicia-penal-para-sentencias-mas-rapidas-y-eficaces\/","title":{"rendered":"C\u00e1mara aprueba reforma a la justicia penal para sentencias m\u00e1s r\u00e1pidas y eficaces"},"content":{"rendered":"\n<p>De manera un\u00e1nime, la Plenaria de la C\u00e1mara de Representantes <strong>aprob\u00f3 en \u00faltimo debate<\/strong> el proyecto de Ley N.\u00b0 455 de 2024 C\u00e1mara \u2013 281 de 2024 Senado, denominado <strong>reforma a la justicia penal<\/strong>, el cual introduce cambios estructurales en los procesos judiciales del pa\u00eds. La iniciativa busca garantizar una <strong>administraci\u00f3n de justicia m\u00e1s r\u00e1pida, efectiva y en favor de las v\u00edctimas<\/strong>.<\/p>\n\n\n\n<p>El proyecto modifica las leyes 599 de 2000, 906 de 2004 y 1121 de 2006, e incorpora <strong>medidas clave como la reparaci\u00f3n integral, beneficios por allanamientos y preacuerdos<\/strong>, y un nuevo enfoque del principio de oportunidad. Uno de los puntos m\u00e1s relevantes es que <strong>se suspende el t\u00e9rmino de prescripci\u00f3n de la acci\u00f3n penal<\/strong> y se otorga un plazo de un a\u00f1o al procesado para que aporte pruebas.<\/p>\n\n\n\n<p>La ponente del proyecto, la representante <strong>Ana Paola Garc\u00eda Soto<\/strong>, del Partido de la U, expres\u00f3 que con esta reforma la C\u00e1mara le cumple al pa\u00eds y al sistema judicial: <strong>\u201cEstamos descongestionando el aparato judicial, entregando sentencias tempranas y reparando de manera oportuna a las v\u00edctimas\u201d<\/strong>, se\u00f1al\u00f3.<\/p>\n\n\n\n<p><strong>Esta reforma fue construida de manera conjunta<\/strong> entre la Corte Suprema de Justicia, la Fiscal\u00eda General de la Naci\u00f3n, el Ministerio de Justicia y del Derecho y congresistas de distintas bancadas. Seg\u00fan <strong>Myriam \u00c1vila Rold\u00e1n<\/strong>, presidenta de la Sala de Casaci\u00f3n Penal de la Corte Suprema, <strong>la iniciativa refleja un esfuerzo colectivo por lograr una justicia m\u00e1s eficaz<\/strong>, con equilibrio entre garant\u00edas para los procesados y justicia para las v\u00edctimas.<\/p>\n\n\n\n<p>El texto aprobado ahora pasar\u00e1 a conciliaci\u00f3n entre Senado y C\u00e1mara y luego a sanci\u00f3n presidencial. Su implementaci\u00f3n permitir\u00eda reducir significativamente los tiempos de respuesta judicial. Actualmente, un proceso puede tardar <strong>m\u00e1s de diez a\u00f1os en resolverse<\/strong>, mientras que con la reforma <strong>los fallos podr\u00edan emitirse entre uno y doce meses<\/strong>, seg\u00fan el Ministerio de Justicia.<\/p>\n\n\n\n<p>Entre las herramientas destacadas del nuevo proyecto est\u00e1n:<\/p>\n\n\n\n<ul class=\"wp-block-list\">\n<li><strong>Uso de pruebas anticipadas.<\/strong><\/li>\n\n\n\n<li><strong>Reducci\u00f3n de penas en casos de aceptaci\u00f3n de cargos, incluso en flagrancia.<\/strong><\/li>\n\n\n\n<li><strong>Fortalecimiento del principio de oportunidad para evitar la prescripci\u00f3n.<\/strong><\/li>\n<\/ul>\n\n\n\n<p>Adem\u00e1s, la reforma pretende frenar la acumulaci\u00f3n de procesos sin resoluci\u00f3n. <strong>M\u00e1s de 43.000 casos han prescrito en los \u00faltimos a\u00f1os<\/strong>, lo cual evidencia la urgencia de una transformaci\u00f3n del sistema judicial.<\/p>\n\n\n\n<p>Durante la misma jornada legislativa, la C\u00e1mara tambi\u00e9n aprob\u00f3 el proyecto que establece el <strong>d\u00eda nacional en conmemoraci\u00f3n de las v\u00edctimas del genocidio contra la Uni\u00f3n Patri\u00f3tica<\/strong>. Asimismo, avanz\u00f3 en segundo debate la iniciativa que reconoce a las <strong>Fiestas del Mar de Santa Marta<\/strong> como patrimonio cultural inmaterial de la naci\u00f3n.<strong>Esta nueva reforma judicial representa un avance crucial en la b\u00fasqueda de justicia pronta y eficaz, que equilibre los derechos de las v\u00edctimas y los procesados, y dignifique el papel de las instituciones en el pa\u00eds.<\/strong> Su puesta en marcha depender\u00e1 ahora del proceso de conciliaci\u00f3n y sanci\u00f3n presidencial, pasos decisivos para que las mejoras comiencen a implementarse y den los resultados esperados en el corto y mediano plazo.<\/p>\n","protected":false},"excerpt":{"rendered":"<p>Nueva reforma a la justicia busca evitar prescripci\u00f3n de casos y reducir tiempos procesales<\/p>\n","protected":false},"author":2,"featured_media":9510,"comment_status":"closed","ping_status":"closed","sticky":false,"template":"","format":"standard","meta":{"om_disable_all_campaigns":false,"_monsterinsights_skip_tracking":false,"_monsterinsights_sitenote_active":false,"_monsterinsights_sitenote_note":"","_monsterinsights_sitenote_category":0,"footnotes":""},"categories":[115,102,111,105],"tags":[713],"class_list":["post-9509","post","type-post","status-publish","format-standard","has-post-thumbnail","hentry","category-colombia","category-generales","category-justicia","category-politica","tag-camara-representantes"],"_links":{"self":[{"href":"https:\/\/cartagenaaldia.com\/index.php\/wp-json\/wp\/v2\/posts\/9509","targetHints":{"allow":["GET"]}}],"collection":[{"href":"https:\/\/cartagenaaldia.com\/index.php\/wp-json\/wp\/v2\/posts"}],"about":[{"href":"https:\/\/cartagenaaldia.com\/index.php\/wp-json\/wp\/v2\/types\/post"}],"author":[{"embeddable":true,"href":"https:\/\/cartagenaaldia.com\/index.php\/wp-json\/wp\/v2\/users\/2"}],"replies":[{"embeddable":true,"href":"https:\/\/cartagenaaldia.com\/index.php\/wp-json\/wp\/v2\/comments?post=9509"}],"version-history":[{"count":1,"href":"https:\/\/cartagenaaldia.com\/index.php\/wp-json\/wp\/v2\/posts\/9509\/revisions"}],"predecessor-version":[{"id":9511,"href":"https:\/\/cartagenaaldia.com\/index.php\/wp-json\/wp\/v2\/posts\/9509\/revisions\/9511"}],"wp:featuredmedia":[{"embeddable":true,"href":"https:\/\/cartagenaaldia.com\/index.php\/wp-json\/wp\/v2\/media\/9510"}],"wp:attachment":[{"href":"https:\/\/cartagenaaldia.com\/index.php\/wp-json\/wp\/v2\/media?parent=9509"}],"wp:term":[{"taxonomy":"category","embeddable":true,"href":"https:\/\/cartagenaaldia.com\/index.php\/wp-json\/wp\/v2\/categories?post=9509"},{"taxonomy":"post_tag","embeddable":true,"href":"https:\/\/cartagenaaldia.com\/index.php\/wp-json\/wp\/v2\/tags?post=9509"}],"curies":[{"name":"wp","href":"https:\/\/api.w.org\/{rel}","templated":true}]}}