{"id":9499,"date":"2025-05-27T22:41:10","date_gmt":"2025-05-28T03:41:10","guid":{"rendered":"https:\/\/cartagenaaldia.com\/?p=9499"},"modified":"2025-05-27T22:41:10","modified_gmt":"2025-05-28T03:41:10","slug":"gobernador-yamil-arana-remodelara-cinco-escenarios-deportivos-en-bolivar-con-inversion-millonaria","status":"publish","type":"post","link":"https:\/\/cartagenaaldia.com\/index.php\/2025\/05\/27\/gobernador-yamil-arana-remodelara-cinco-escenarios-deportivos-en-bolivar-con-inversion-millonaria\/","title":{"rendered":"Gobernador Yamil Arana remodelar\u00e1 cinco escenarios deportivos en Bol\u00edvar con inversi\u00f3n millonaria"},"content":{"rendered":"\n<p>El gobernador de Bol\u00edvar, <strong>Yamil Arana Padau\u00ed<\/strong>, anunci\u00f3 la remodelaci\u00f3n y adecuaci\u00f3n de <strong>cinco escenarios deportivos clave<\/strong> en el departamento, como parte de una apuesta integral por el desarrollo social, el fomento de estilos de vida saludables y el fortalecimiento del talento deportivo local. Con una inversi\u00f3n que supera los <strong>$15.000 millones<\/strong>, el gobierno departamental busca consolidar a Bol\u00edvar como <strong>referente nacional en infraestructura deportiva.<\/strong><\/p>\n\n\n\n<p>\u201c<strong>Bol\u00edvar es una cantera deportiva que debemos seguir impulsando<\/strong>. Queremos apoyar a esos j\u00f3venes que, aunque no tienen muchos recursos, s\u00ed tienen sue\u00f1os grandes. Apostamos al deporte como una herramienta de transformaci\u00f3n social\u201d, expres\u00f3 el mandatario.<\/p>\n\n\n\n<p>Los cinco escenarios que ser\u00e1n intervenidos en esta etapa son:<\/p>\n\n\n\n<ul class=\"wp-block-list\">\n<li><strong>Calamar<\/strong>: Cancha sint\u00e9tica del barrio Brisas de Magdalena.<\/li>\n\n\n\n<li><strong>El Carmen de Bol\u00edvar<\/strong>: Pista de patinaje.<\/li>\n\n\n\n<li><strong>San Pablo<\/strong>: Remodelaci\u00f3n y adecuaci\u00f3n del <strong>Patin\u00f3dromo El\u00edas del Valle<\/strong>, Centro de Alto Rendimiento.<\/li>\n\n\n\n<li><strong>Santa Rosa del Sur<\/strong>: Remodelaci\u00f3n del <strong>Coliseo de Alto Rendimiento<\/strong>.<\/li>\n\n\n\n<li><strong>Simit\u00ed<\/strong>: Adecuaci\u00f3n y construcci\u00f3n de obras complementarias de la <strong>Unidad Deportiva Emilio Urrea<\/strong> y mejoramiento de la pista de patinaje.<\/li>\n<\/ul>\n\n\n\n<p>Estas obras no solo mejoran espacios deportivos, tambi\u00e9n <strong>promueven la cohesi\u00f3n social, el uso productivo del tiempo libre y la prevenci\u00f3n de entornos de riesgo<\/strong> como la drogadicci\u00f3n y la delincuencia, especialmente en ni\u00f1os y j\u00f3venes.<\/p>\n\n\n\n<p>Para <strong>Ariel Zambrano<\/strong>, gerente del Instituto de Deportes y Recreaci\u00f3n de Bol\u00edvar (Iderbol), este proyecto responde a una visi\u00f3n moderna y funcional de la infraestructura deportiva. \u201c<strong>La redistribuci\u00f3n de disciplinas seg\u00fan el potencial del territorio ser\u00e1 clave<\/strong>, como la nueva <strong>Liga de Potencia<\/strong> que se fortalece en Santa Rosa del Sur\u201d, coment\u00f3.<\/p>\n\n\n\n<p>El funcionario agreg\u00f3 que, con esta intervenci\u00f3n, se revitaliza una infraestructura que <strong>llevaba a\u00f1os sin intervenci\u00f3n<\/strong> y se genera un activo estrat\u00e9gico para las comunidades y la reserva deportiva del departamento.<\/p>\n\n\n\n<p><strong>El enfoque territorial del programa garantiza que las inversiones respondan a las necesidades reales de cada municipio<\/strong>, y que la oferta deportiva se diversifique y descentralice, llegando a rincones donde antes no hab\u00eda oportunidades.<\/p>\n\n\n\n<p>Con estas acciones, la administraci\u00f3n de Yamil Arana ratifica que <strong>el deporte es pol\u00edtica p\u00fablica<\/strong> y un componente esencial en la construcci\u00f3n de paz, convivencia y oportunidades reales para la juventud.<\/p>\n\n\n\n<p>En cada una de estas obras se prioriza <strong>la calidad, el sentido social y la funcionalidad de los espacios<\/strong>, lo que permitir\u00e1 no solo la pr\u00e1ctica de actividades recreativas, sino tambi\u00e9n la formaci\u00f3n de nuevos talentos deportivos que puedan representar al departamento en eventos regionales y nacionales.<\/p>\n\n\n\n<p><strong>Esta apuesta tambi\u00e9n dinamiza la econom\u00eda local<\/strong>, genera empleos y fortalece el tejido comunitario, convirtiendo los escenarios en verdaderos centros de encuentro ciudadano. Con la ejecuci\u00f3n de este plan, Bol\u00edvar da un paso firme hacia un modelo de <strong>desarrollo inclusivo y deportivo<\/strong>, en el que se fomenta la integraci\u00f3n social y se abren nuevos caminos de vida para miles de ni\u00f1os, ni\u00f1as y j\u00f3venes.<\/p>\n","protected":false},"excerpt":{"rendered":"<p>Gobierno de Bol\u00edvar fortalece infraestructura deportiva con inversi\u00f3n de $15 mil millones en cinco municipios<\/p>\n","protected":false},"author":2,"featured_media":9500,"comment_status":"closed","ping_status":"closed","sticky":false,"template":"","format":"standard","meta":{"om_disable_all_campaigns":false,"_monsterinsights_skip_tracking":false,"_monsterinsights_sitenote_active":false,"_monsterinsights_sitenote_note":"","_monsterinsights_sitenote_category":0,"footnotes":""},"categories":[110,106,102],"tags":[380,136,264],"class_list":["post-9499","post","type-post","status-publish","format-standard","has-post-thumbnail","hentry","category-bolivar","category-deporte","category-generales","tag-gobernacion-bolivar","tag-iderbol","tag-yamil-arana"],"_links":{"self":[{"href":"https:\/\/cartagenaaldia.com\/index.php\/wp-json\/wp\/v2\/posts\/9499","targetHints":{"allow":["GET"]}}],"collection":[{"href":"https:\/\/cartagenaaldia.com\/index.php\/wp-json\/wp\/v2\/posts"}],"about":[{"href":"https:\/\/cartagenaaldia.com\/index.php\/wp-json\/wp\/v2\/types\/post"}],"author":[{"embeddable":true,"href":"https:\/\/cartagenaaldia.com\/index.php\/wp-json\/wp\/v2\/users\/2"}],"replies":[{"embeddable":true,"href":"https:\/\/cartagenaaldia.com\/index.php\/wp-json\/wp\/v2\/comments?post=9499"}],"version-history":[{"count":1,"href":"https:\/\/cartagenaaldia.com\/index.php\/wp-json\/wp\/v2\/posts\/9499\/revisions"}],"predecessor-version":[{"id":9501,"href":"https:\/\/cartagenaaldia.com\/index.php\/wp-json\/wp\/v2\/posts\/9499\/revisions\/9501"}],"wp:featuredmedia":[{"embeddable":true,"href":"https:\/\/cartagenaaldia.com\/index.php\/wp-json\/wp\/v2\/media\/9500"}],"wp:attachment":[{"href":"https:\/\/cartagenaaldia.com\/index.php\/wp-json\/wp\/v2\/media?parent=9499"}],"wp:term":[{"taxonomy":"category","embeddable":true,"href":"https:\/\/cartagenaaldia.com\/index.php\/wp-json\/wp\/v2\/categories?post=9499"},{"taxonomy":"post_tag","embeddable":true,"href":"https:\/\/cartagenaaldia.com\/index.php\/wp-json\/wp\/v2\/tags?post=9499"}],"curies":[{"name":"wp","href":"https:\/\/api.w.org\/{rel}","templated":true}]}}