{"id":9496,"date":"2025-05-27T22:26:17","date_gmt":"2025-05-28T03:26:17","guid":{"rendered":"https:\/\/cartagenaaldia.com\/?p=9496"},"modified":"2025-05-27T22:26:22","modified_gmt":"2025-05-28T03:26:22","slug":"casa-compi-de-palestina-impulsa-emprendimientos-femeninos-con-curso-de-trenzado-afrocolombiano","status":"publish","type":"post","link":"https:\/\/cartagenaaldia.com\/index.php\/2025\/05\/27\/casa-compi-de-palestina-impulsa-emprendimientos-femeninos-con-curso-de-trenzado-afrocolombiano\/","title":{"rendered":"Casa COMPI de Palestina impulsa emprendimientos femeninos con curso de trenzado afrocolombiano"},"content":{"rendered":"\n<p>La <em>Gobernaci\u00f3n de Bol\u00edvar<\/em>, a trav\u00e9s de la <em>Secretar\u00eda de la Mujer y Desarrollo Social<\/em>, dio inicio a un ciclo de talleres de formaci\u00f3n para mujeres del barrio Palestina, en Cartagena, con el curso <strong>\u201cTrenzando Oportunidades\u201d<\/strong>, desarrollado en la recientemente inaugurada <strong>Casa COMPI<\/strong>. La jornada benefici\u00f3 a <strong>40 mujeres<\/strong>, quienes recibieron herramientas pr\u00e1cticas para crear o fortalecer sus propios negocios.<\/p>\n\n\n\n<p><strong>El taller, enfocado en el trenzado y peinados afro<\/strong>, busca preservar las tradiciones culturales mientras potencia la autonom\u00eda econ\u00f3mica de las mujeres. Fue impartido por expertas en t\u00e9cnicas ancestrales del cuidado del cabello afro, y se enmarca en la conmemoraci\u00f3n del <strong>mes de la afrocolombianidad<\/strong>.<\/p>\n\n\n\n<p><strong>\u201cTrenzando Oportunidades no solo promueve el emprendimiento, tambi\u00e9n recupera el valor de nuestras ra\u00edces\u201d,<\/strong> expres\u00f3 Ang\u00e9lica Salas, primera Gestora Social del departamento, quien lidera esta estrategia integral. Seg\u00fan explic\u00f3, el objetivo es fomentar el desarrollo de capacidades y <strong>generar redes de apoyo, empoderamiento y sororidad<\/strong> entre las participantes.<\/p>\n\n\n\n<p>Por su parte, <strong>Sof\u00eda Navas<\/strong>, secretaria de la Mujer y Desarrollo Social, se\u00f1al\u00f3 que \u201cla <strong>Casa COMPI de Palestina se convierte en un espacio vivo de formaci\u00f3n y transformaci\u00f3n social<\/strong>, donde las mujeres no solo aprenden, sino que se consolidan como agentes de cambio para sus comunidades\u201d.<\/p>\n\n\n\n<p>La actividad representa <strong>la primera jornada de muchas otras que se realizar\u00e1n en este centro comunitario<\/strong>, inaugurado por el gobernador <strong>Yamil Arana Padau\u00ed<\/strong>, como parte de su pol\u00edtica de inclusi\u00f3n, bienestar social y generaci\u00f3n de oportunidades desde los territorios. A trav\u00e9s del enfoque COMPI, el gobierno departamental articula participaci\u00f3n ciudadana, infraestructura social y capacitaci\u00f3n con sentido de pertenencia y enfoque diferencial.<\/p>\n\n\n\n<p>La estrategia incluye <strong>contenidos en liderazgo, comercializaci\u00f3n y gesti\u00f3n de unidades productivas<\/strong>, promoviendo as\u00ed emprendimientos sostenibles y con arraigo cultural. La combinaci\u00f3n de teor\u00eda y pr\u00e1ctica permite a las participantes <strong>desarrollar habilidades reales aplicables a sus contextos locales<\/strong>, ampliando sus posibilidades de independencia econ\u00f3mica.<\/p>\n\n\n\n<p>Estas acciones reflejan el compromiso del gobierno de Bol\u00edvar con una agenda incluyente, enfocada en las <strong>mujeres como protagonistas del desarrollo<\/strong>. Iniciativas como esta no solo dignifican los espacios p\u00fablicos, sino que <strong>convierten las Casas COMPI en motores de equidad y crecimiento comunitario<\/strong>.<strong>El gobierno departamental celebra que cada vez m\u00e1s mujeres accedan a oportunidades de formaci\u00f3n y liderazgo<\/strong>, construyendo proyectos de vida con identidad, arraigo y visi\u00f3n de futuro. En la Casa COMPI de Palestina se siembran hoy las semillas de una Cartagena m\u00e1s justa, con mujeres empoderadas y comunidades fortalecidas.<\/p>\n","protected":false},"excerpt":{"rendered":"<p>Gobernaci\u00f3n de Bol\u00edvar fortalece liderazgo econ\u00f3mico de mujeres con formaci\u00f3n en emprendimiento femenino<\/p>\n","protected":false},"author":2,"featured_media":9497,"comment_status":"closed","ping_status":"closed","sticky":false,"template":"","format":"standard","meta":{"om_disable_all_campaigns":false,"_monsterinsights_skip_tracking":false,"_monsterinsights_sitenote_active":false,"_monsterinsights_sitenote_note":"","_monsterinsights_sitenote_category":0,"footnotes":""},"categories":[110,112,102],"tags":[386,636,259,264],"class_list":["post-9496","post","type-post","status-publish","format-standard","has-post-thumbnail","hentry","category-bolivar","category-educacion","category-generales","tag-angelica-salas","tag-compi","tag-gobernacion-de-bolivar","tag-yamil-arana"],"_links":{"self":[{"href":"https:\/\/cartagenaaldia.com\/index.php\/wp-json\/wp\/v2\/posts\/9496","targetHints":{"allow":["GET"]}}],"collection":[{"href":"https:\/\/cartagenaaldia.com\/index.php\/wp-json\/wp\/v2\/posts"}],"about":[{"href":"https:\/\/cartagenaaldia.com\/index.php\/wp-json\/wp\/v2\/types\/post"}],"author":[{"embeddable":true,"href":"https:\/\/cartagenaaldia.com\/index.php\/wp-json\/wp\/v2\/users\/2"}],"replies":[{"embeddable":true,"href":"https:\/\/cartagenaaldia.com\/index.php\/wp-json\/wp\/v2\/comments?post=9496"}],"version-history":[{"count":1,"href":"https:\/\/cartagenaaldia.com\/index.php\/wp-json\/wp\/v2\/posts\/9496\/revisions"}],"predecessor-version":[{"id":9498,"href":"https:\/\/cartagenaaldia.com\/index.php\/wp-json\/wp\/v2\/posts\/9496\/revisions\/9498"}],"wp:featuredmedia":[{"embeddable":true,"href":"https:\/\/cartagenaaldia.com\/index.php\/wp-json\/wp\/v2\/media\/9497"}],"wp:attachment":[{"href":"https:\/\/cartagenaaldia.com\/index.php\/wp-json\/wp\/v2\/media?parent=9496"}],"wp:term":[{"taxonomy":"category","embeddable":true,"href":"https:\/\/cartagenaaldia.com\/index.php\/wp-json\/wp\/v2\/categories?post=9496"},{"taxonomy":"post_tag","embeddable":true,"href":"https:\/\/cartagenaaldia.com\/index.php\/wp-json\/wp\/v2\/tags?post=9496"}],"curies":[{"name":"wp","href":"https:\/\/api.w.org\/{rel}","templated":true}]}}