{"id":9335,"date":"2025-05-10T16:57:15","date_gmt":"2025-05-10T21:57:15","guid":{"rendered":"https:\/\/cartagenaaldia.com\/?p=9335"},"modified":"2025-05-10T16:58:15","modified_gmt":"2025-05-10T21:58:15","slug":"combo-de-lerwis-se-corona-campeon-del-torneo-copa-85-kg-en-el-eden","status":"publish","type":"post","link":"https:\/\/cartagenaaldia.com\/index.php\/2025\/05\/10\/combo-de-lerwis-se-corona-campeon-del-torneo-copa-85-kg-en-el-eden\/","title":{"rendered":"Combo de Lerwis se corona campe\u00f3n del Torneo Copa 85 Kg en El Ed\u00e9n"},"content":{"rendered":"\n<p><strong>El Combo de Lerwis se proclam\u00f3 campe\u00f3n del Torneo Copa 85 Kg<\/strong>, disputado en el <strong>Centro Recreacional El Ed\u00e9n<\/strong>, recientemente reinaugurado en el barrio Las Gaviotas tras m\u00e1s de 20 a\u00f1os en estado de abandono. La final, jugada ante una nutrida asistencia de vecinos y aficionados, cerr\u00f3 una competencia que cont\u00f3 con <strong>m\u00e1s de 120 jugadores repartidos en 10 equipos<\/strong>.<\/p>\n\n\n\n<p>El torneo, que inici\u00f3 a finales de febrero, se estructur\u00f3 en <strong>una fase todos contra todos, seguida de eliminatorias directas y ronda final<\/strong>. El equipo Combo de Lerwis logr\u00f3 imponerse en una <strong>final re\u00f1ida contra Los Rosaditos<\/strong>, quienes se quedaron con el subcampeonato. Por el tercer lugar, el equipo Bulova venci\u00f3 a Clase Aparte con marcador de 6-4.<\/p>\n\n\n\n<p><strong>Los equipos participantes fueron<\/strong>: Combo de Lerwis, Los Rosaditos, Bulova, Clase Aparte, Cuarentones, CDO, Agreval, Gaviotas F\u00fatbol Club, La S\u00e9ptima y La Recocha. La final fue tambi\u00e9n ocasi\u00f3n para entregar reconocimientos individuales, destacando al goleador del torneo, mejor jugador, valla menos vencida y mejor director t\u00e9cnico.<\/p>\n\n\n\n<p><strong>El evento deportivo marc\u00f3 el regreso oficial del torneo Copa 85 Kg<\/strong> en un escenario totalmente recuperado gracias a la <strong>inversi\u00f3n de la Gobernaci\u00f3n de Bol\u00edvar e Iderbol<\/strong>. Este esfuerzo forma parte del programa de <strong>recuperaci\u00f3n de escenarios comunitarios<\/strong>, fortaleciendo el acceso al deporte y la recreaci\u00f3n en sectores tradicionales de Cartagena.<\/p>\n\n\n\n<p>Durante la premiaci\u00f3n, <strong>Lerwis Ortiz, director t\u00e9cnico del equipo campe\u00f3n<\/strong>, agradeci\u00f3 a las autoridades por hacer posible el evento: <em>\u201cEs muy gratificante volver a tener este tipo de torneos aqu\u00ed. Despu\u00e9s de tantos a\u00f1os, ver este lugar activo es una alegr\u00eda inmensa para todos los que vivimos el f\u00fatbol de barrio\u201d<\/em>.<strong>Con este tipo de iniciativas, el Gobierno del Bol\u00edvar Mejor reafirma su compromiso con el deporte comunitario<\/strong>, apostando por la transformaci\u00f3n de espacios deportivos en puntos de encuentro y formaci\u00f3n ciudadana. La recuperaci\u00f3n del Centro Recreacional El Ed\u00e9n no solo rescat\u00f3 un lugar f\u00edsico, sino tambi\u00e9n una tradici\u00f3n barrial que fortalece la identidad colectiva y el sentido de pertenencia.<\/p>\n","protected":false},"excerpt":{"rendered":"<p>Con participaci\u00f3n de 10 equipos, torneo de f\u00fatbol consagra al Combo de Lerwis como campe\u00f3n<\/p>\n","protected":false},"author":2,"featured_media":9336,"comment_status":"closed","ping_status":"closed","sticky":false,"template":"","format":"standard","meta":{"om_disable_all_campaigns":false,"_monsterinsights_skip_tracking":false,"_monsterinsights_sitenote_active":false,"_monsterinsights_sitenote_note":"","_monsterinsights_sitenote_category":0,"footnotes":""},"categories":[106,102],"tags":[136],"class_list":["post-9335","post","type-post","status-publish","format-standard","has-post-thumbnail","hentry","category-deporte","category-generales","tag-iderbol"],"_links":{"self":[{"href":"https:\/\/cartagenaaldia.com\/index.php\/wp-json\/wp\/v2\/posts\/9335","targetHints":{"allow":["GET"]}}],"collection":[{"href":"https:\/\/cartagenaaldia.com\/index.php\/wp-json\/wp\/v2\/posts"}],"about":[{"href":"https:\/\/cartagenaaldia.com\/index.php\/wp-json\/wp\/v2\/types\/post"}],"author":[{"embeddable":true,"href":"https:\/\/cartagenaaldia.com\/index.php\/wp-json\/wp\/v2\/users\/2"}],"replies":[{"embeddable":true,"href":"https:\/\/cartagenaaldia.com\/index.php\/wp-json\/wp\/v2\/comments?post=9335"}],"version-history":[{"count":1,"href":"https:\/\/cartagenaaldia.com\/index.php\/wp-json\/wp\/v2\/posts\/9335\/revisions"}],"predecessor-version":[{"id":9337,"href":"https:\/\/cartagenaaldia.com\/index.php\/wp-json\/wp\/v2\/posts\/9335\/revisions\/9337"}],"wp:featuredmedia":[{"embeddable":true,"href":"https:\/\/cartagenaaldia.com\/index.php\/wp-json\/wp\/v2\/media\/9336"}],"wp:attachment":[{"href":"https:\/\/cartagenaaldia.com\/index.php\/wp-json\/wp\/v2\/media?parent=9335"}],"wp:term":[{"taxonomy":"category","embeddable":true,"href":"https:\/\/cartagenaaldia.com\/index.php\/wp-json\/wp\/v2\/categories?post=9335"},{"taxonomy":"post_tag","embeddable":true,"href":"https:\/\/cartagenaaldia.com\/index.php\/wp-json\/wp\/v2\/tags?post=9335"}],"curies":[{"name":"wp","href":"https:\/\/api.w.org\/{rel}","templated":true}]}}