{"id":9324,"date":"2025-05-10T15:21:05","date_gmt":"2025-05-10T20:21:05","guid":{"rendered":"https:\/\/cartagenaaldia.com\/?p=9324"},"modified":"2025-05-10T15:21:05","modified_gmt":"2025-05-10T20:21:05","slug":"sena-destina-mas-de-274-mil-millones-para-fortalecer-emprendimientos-en-colombia","status":"publish","type":"post","link":"https:\/\/cartagenaaldia.com\/index.php\/2025\/05\/10\/sena-destina-mas-de-274-mil-millones-para-fortalecer-emprendimientos-en-colombia\/","title":{"rendered":"SENA destina m\u00e1s de $274 mil millones para fortalecer emprendimientos en Colombia"},"content":{"rendered":"\n<p><strong>El SENA anunci\u00f3 una nueva convocatoria nacional con m\u00e1s de $274 mil millones<\/strong> disponibles para impulsar <strong>2.665 proyectos productivos<\/strong> que generar\u00e1n alrededor de 5.000 empleos en todo el pa\u00eds. As\u00ed lo confirm\u00f3 el director general de la entidad, <strong>Jorge Eduardo Londo\u00f1o Ulloa<\/strong>, quien explic\u00f3 que los recursos provienen del <em>Fondo Emprender<\/em> y est\u00e1n orientados a fortalecer la <strong>econom\u00eda campesina, popular y asociativa<\/strong>.<\/p>\n\n\n\n<p><strong>Los interesados en acceder al capital semilla deben iniciar la Ruta Emprendedora<\/strong>, una estrategia gratuita del SENA que brinda acompa\u00f1amiento especializado desde los <strong>118 Centros de Desarrollo Empresarial<\/strong> distribuidos en Colombia. All\u00ed se asigna un gestor que orienta al emprendedor en la formulaci\u00f3n y registro del plan de negocio en la plataforma del Fondo Emprender.<\/p>\n\n\n\n<p>\u201cEl objetivo es apoyar a quienes tienen ideas de negocio, en especial de sectores populares y rurales. Estos dineros <strong>pueden ser condonados al 100%<\/strong> si se cumplen los compromisos establecidos en el proceso\u201d, explic\u00f3 Londo\u00f1o Ulloa. <strong>Las inscripciones pueden hacerse en <a href=\"http:\/\/www.fondoemprender.com\/\" target=\"_blank\" rel=\"noreferrer noopener\">www.fondoemprender.com<\/a><\/strong> o presencialmente en los centros del SENA.<\/p>\n\n\n\n<p>Esta convocatoria tambi\u00e9n contempla <strong>recursos dirigidos a comunidades negras, afrodescendientes, ind\u00edgenas, raizales, palenqueras y v\u00edctimas del conflicto armado<\/strong>. \u201cQueremos que muchas asociaciones campesinas se beneficien de este impulso del Gobierno del Cambio\u201d, puntualiz\u00f3 el directivo.<\/p>\n\n\n\n<p><strong>En el 2024, m\u00e1s de 1.700 proyectos recibieron apoyo<\/strong>, generando cerca de 5.200 empleos con una inversi\u00f3n superior a los $148 mil millones. En total, <strong>m\u00e1s de 4.000 unidades productivas<\/strong> han sido fortalecidas desde 2022, gracias al capital semilla entregado por el SENA. Este a\u00f1o, la entidad continuar\u00e1 <strong>empoderando a emprendedores mediante formaci\u00f3n, acompa\u00f1amiento t\u00e9cnico y acceso a financiaci\u00f3n<\/strong>, con una pol\u00edtica de inclusi\u00f3n econ\u00f3mica clara. La invitaci\u00f3n es abierta y gratuita para todo colombiano con una idea de negocio viable.<\/p>\n","protected":false},"excerpt":{"rendered":"<p>Convocatoria del Fondo Emprender apoya econom\u00eda campesina y popular con capital semilla condonable<\/p>\n","protected":false},"author":2,"featured_media":9325,"comment_status":"closed","ping_status":"closed","sticky":false,"template":"","format":"standard","meta":{"om_disable_all_campaigns":false,"_monsterinsights_skip_tracking":false,"_monsterinsights_sitenote_active":false,"_monsterinsights_sitenote_note":"","_monsterinsights_sitenote_category":0,"footnotes":""},"categories":[110,112,102],"tags":[275,754,125,753],"class_list":["post-9324","post","type-post","status-publish","format-standard","has-post-thumbnail","hentry","category-bolivar","category-educacion","category-generales","tag-alcaldia-cartagena","tag-sed-cartagena","tag-sena","tag-sena-bolivar"],"_links":{"self":[{"href":"https:\/\/cartagenaaldia.com\/index.php\/wp-json\/wp\/v2\/posts\/9324","targetHints":{"allow":["GET"]}}],"collection":[{"href":"https:\/\/cartagenaaldia.com\/index.php\/wp-json\/wp\/v2\/posts"}],"about":[{"href":"https:\/\/cartagenaaldia.com\/index.php\/wp-json\/wp\/v2\/types\/post"}],"author":[{"embeddable":true,"href":"https:\/\/cartagenaaldia.com\/index.php\/wp-json\/wp\/v2\/users\/2"}],"replies":[{"embeddable":true,"href":"https:\/\/cartagenaaldia.com\/index.php\/wp-json\/wp\/v2\/comments?post=9324"}],"version-history":[{"count":1,"href":"https:\/\/cartagenaaldia.com\/index.php\/wp-json\/wp\/v2\/posts\/9324\/revisions"}],"predecessor-version":[{"id":9326,"href":"https:\/\/cartagenaaldia.com\/index.php\/wp-json\/wp\/v2\/posts\/9324\/revisions\/9326"}],"wp:featuredmedia":[{"embeddable":true,"href":"https:\/\/cartagenaaldia.com\/index.php\/wp-json\/wp\/v2\/media\/9325"}],"wp:attachment":[{"href":"https:\/\/cartagenaaldia.com\/index.php\/wp-json\/wp\/v2\/media?parent=9324"}],"wp:term":[{"taxonomy":"category","embeddable":true,"href":"https:\/\/cartagenaaldia.com\/index.php\/wp-json\/wp\/v2\/categories?post=9324"},{"taxonomy":"post_tag","embeddable":true,"href":"https:\/\/cartagenaaldia.com\/index.php\/wp-json\/wp\/v2\/tags?post=9324"}],"curies":[{"name":"wp","href":"https:\/\/api.w.org\/{rel}","templated":true}]}}