{"id":9191,"date":"2025-05-01T17:31:40","date_gmt":"2025-05-01T22:31:40","guid":{"rendered":"https:\/\/cartagenaaldia.com\/?p=9191"},"modified":"2025-05-01T17:31:40","modified_gmt":"2025-05-01T22:31:40","slug":"fedepalma-anuncia-finalistas-de-concursos-de-fotografia-mujer-palmera-y-sostenibilidad-2025","status":"publish","type":"post","link":"https:\/\/cartagenaaldia.com\/index.php\/2025\/05\/01\/fedepalma-anuncia-finalistas-de-concursos-de-fotografia-mujer-palmera-y-sostenibilidad-2025\/","title":{"rendered":"Fedepalma anuncia finalistas de concursos de fotograf\u00eda, mujer palmera y sostenibilidad 2025"},"content":{"rendered":"\n<p>La <strong>Federaci\u00f3n Nacional de Cultivadores de Palma de Aceite (Fedepalma)<\/strong> anunci\u00f3 la <strong>selecci\u00f3n oficial de los finalistas<\/strong> de sus concursos anuales: <strong>Fotograf\u00eda Ambiental &#8211; Social<\/strong>, <strong>Premio a la Mujer Palmera<\/strong> y el <strong>Reconocimiento a la Sostenibilidad Palmera<\/strong>. Estas iniciativas buscan <strong>resaltar el talento, el liderazgo femenino y las buenas pr\u00e1cticas<\/strong> que construyen un <strong>sector palmero cada vez m\u00e1s sostenible y humano<\/strong>.<\/p>\n\n\n\n<p>En esta edici\u00f3n, se recibieron <strong>451 postulaciones<\/strong>: 396 fotograf\u00edas, 33 candidatas al Premio a la Mujer Palmera y 22 proyectos enfocados en sostenibilidad. Los jurados, expertos en comunicaci\u00f3n, medio ambiente, desarrollo sostenible y responsabilidad social, realizaron una evaluaci\u00f3n <strong>detallada y objetiva<\/strong> para definir los finalistas de cada categor\u00eda.<\/p>\n\n\n\n<p><strong>Nicol\u00e1s P\u00e9rez Marulanda<\/strong>, presidente ejecutivo de Fedepalma, expres\u00f3 que \u201c<strong>estos concursos son una oportunidad para visibilizar el talento y el esfuerzo<\/strong> que caracterizan a nuestra gente palmera. Nos sentimos orgullosos de <strong>reconocer su aporte al crecimiento y transformaci\u00f3n sostenible del sector<\/strong>\u201d.<\/p>\n\n\n\n<p><strong>Jurados especializados evaluaron cada categor\u00eda<\/strong><\/p>\n\n\n\n<p>En el <strong>concurso de fotograf\u00eda ambiental y social<\/strong>, participaron como jurados <strong>Edwin Caicedo Ucros<\/strong> (El Tiempo), <strong>Jorge Gamboa<\/strong> (fot\u00f3grafo profesional) y <strong>Andr\u00e9s Jim\u00e9nez<\/strong> (gerente general de McCann). Esta categor\u00eda premia im\u00e1genes que reflejan el impacto social y ambiental positivo del cultivo de palma.<\/p>\n\n\n\n<p>El <strong>Premio a la Mujer Palmera<\/strong>, que reconoce el liderazgo femenino en el sector, fue evaluado por <strong>Sabine Triemer<\/strong> (GIZ), <strong>Mar\u00eda Claudia Garc\u00eda D\u00e1vila<\/strong> (Jard\u00edn Bot\u00e1nico de Bogot\u00e1) y <strong>Jos\u00e9 Fernando G\u00f3mez Rojas<\/strong> (CREER). Este galard\u00f3n tiene tres subcategor\u00edas: <strong>campesina emprendedora, colaboradora y directiva<\/strong>, con premios que <strong>reconocen su impacto y compromiso<\/strong>.<\/p>\n\n\n\n<p>Por su parte, el <strong>Reconocimiento a la Sostenibilidad Palmera<\/strong>, que destaca las mejores pr\u00e1cticas ambientales y sociales del sector, fue evaluado por <strong>Sergio Rengifo Caicedo<\/strong> (CECODES), <strong>Mar\u00eda Ximena Serrano Corredor<\/strong> (ProColombia), <strong>M\u00f3nica Rodr\u00edguez Benavides<\/strong> (SAC) y <strong>Carolina Santamar\u00eda<\/strong> (Promigas).<\/p>\n\n\n\n<p><strong>Reconocimientos y premiaci\u00f3n oficial<\/strong><\/p>\n\n\n\n<p>Los finalistas ser\u00e1n notificados <strong>internamente<\/strong> y la entrega oficial de premios se realizar\u00e1 en el marco del <strong>53\u00b0 Congreso Nacional de Cultivadores de Palma de Aceite<\/strong>, que tendr\u00e1 lugar del <strong>11 al 13 de junio de 2025<\/strong>.<\/p>\n\n\n\n<p>Los <strong>premios<\/strong> para el Concurso Nacional de Fotograf\u00eda Ambiental y Social son:<\/p>\n\n\n\n<ul class=\"wp-block-list\">\n<li><strong>Primer puesto<\/strong>: COP 3.000.000<\/li>\n\n\n\n<li><strong>Segundo puesto<\/strong>: COP 2.000.000<\/li>\n\n\n\n<li><strong>Tercer puesto<\/strong>: COP 1.000.000<\/li>\n<\/ul>\n\n\n\n<p>En el <strong>Premio a la Mujer Palmera<\/strong>, se entregar\u00e1n:<\/p>\n\n\n\n<ul class=\"wp-block-list\">\n<li><strong>Ganadora (Campesina y Colaboradora)<\/strong>: COP 4.000.000<\/li>\n\n\n\n<li><strong>Finalista<\/strong>: COP 1.000.000<\/li>\n\n\n\n<li><strong>Categor\u00eda Directiva<\/strong>: placa de reconocimiento<\/li>\n<\/ul>\n\n\n\n<p>Finalmente, el <strong>Reconocimiento a la Sostenibilidad Palmera<\/strong> exaltar\u00e1 <strong>los proyectos que lideran con impacto y responsabilidad ambiental y social<\/strong>. Con estos concursos, <strong>Fedepalma fortalece el valor social, ambiental y humano<\/strong> del sector palmero colombiano. La visibilizaci\u00f3n de historias, im\u00e1genes y proyectos inspiradores permite consolidar un gremio que, m\u00e1s all\u00e1 de su productividad, <strong>apuesta por la transformaci\u00f3n sostenible y el desarrollo comunitario<\/strong>.<\/p>\n","protected":false},"excerpt":{"rendered":"<p>Fedepalma destaca buenas pr\u00e1cticas, talento y liderazgo en el sector palmero colombiano 2025<\/p>\n","protected":false},"author":2,"featured_media":9192,"comment_status":"closed","ping_status":"closed","sticky":false,"template":"","format":"standard","meta":{"om_disable_all_campaigns":false,"_monsterinsights_skip_tracking":false,"_monsterinsights_sitenote_active":false,"_monsterinsights_sitenote_note":"","_monsterinsights_sitenote_category":0,"footnotes":""},"categories":[103,102],"tags":[126],"class_list":["post-9191","post","type-post","status-publish","format-standard","has-post-thumbnail","hentry","category-economia","category-generales","tag-fedepalma"],"_links":{"self":[{"href":"https:\/\/cartagenaaldia.com\/index.php\/wp-json\/wp\/v2\/posts\/9191","targetHints":{"allow":["GET"]}}],"collection":[{"href":"https:\/\/cartagenaaldia.com\/index.php\/wp-json\/wp\/v2\/posts"}],"about":[{"href":"https:\/\/cartagenaaldia.com\/index.php\/wp-json\/wp\/v2\/types\/post"}],"author":[{"embeddable":true,"href":"https:\/\/cartagenaaldia.com\/index.php\/wp-json\/wp\/v2\/users\/2"}],"replies":[{"embeddable":true,"href":"https:\/\/cartagenaaldia.com\/index.php\/wp-json\/wp\/v2\/comments?post=9191"}],"version-history":[{"count":1,"href":"https:\/\/cartagenaaldia.com\/index.php\/wp-json\/wp\/v2\/posts\/9191\/revisions"}],"predecessor-version":[{"id":9193,"href":"https:\/\/cartagenaaldia.com\/index.php\/wp-json\/wp\/v2\/posts\/9191\/revisions\/9193"}],"wp:featuredmedia":[{"embeddable":true,"href":"https:\/\/cartagenaaldia.com\/index.php\/wp-json\/wp\/v2\/media\/9192"}],"wp:attachment":[{"href":"https:\/\/cartagenaaldia.com\/index.php\/wp-json\/wp\/v2\/media?parent=9191"}],"wp:term":[{"taxonomy":"category","embeddable":true,"href":"https:\/\/cartagenaaldia.com\/index.php\/wp-json\/wp\/v2\/categories?post=9191"},{"taxonomy":"post_tag","embeddable":true,"href":"https:\/\/cartagenaaldia.com\/index.php\/wp-json\/wp\/v2\/tags?post=9191"}],"curies":[{"name":"wp","href":"https:\/\/api.w.org\/{rel}","templated":true}]}}