{"id":9154,"date":"2025-04-27T07:25:55","date_gmt":"2025-04-27T12:25:55","guid":{"rendered":"https:\/\/cartagenaaldia.com\/?p=9154"},"modified":"2025-04-27T07:25:56","modified_gmt":"2025-04-27T12:25:56","slug":"claudia-espinosa-es-reconocida-como-mujer-bolivar-por-su-liderazgo-social","status":"publish","type":"post","link":"https:\/\/cartagenaaldia.com\/index.php\/2025\/04\/27\/claudia-espinosa-es-reconocida-como-mujer-bolivar-por-su-liderazgo-social\/","title":{"rendered":"Claudia Espinosa es reconocida como \u201cMujer Bol\u00edvar\u201d por su liderazgo social"},"content":{"rendered":"\n<p>La Fundaci\u00f3n Mujer reconoci\u00f3 a Claudia Espinosa como \u201cMujer Bol\u00edvar\u201d, destacando su liderazgo y compromiso social en Turbaco. Como alcaldesa, su esfuerzo y dedicaci\u00f3n por el bienestar de los turbaqueros fueron claves para recibir este importante homenaje.<\/p>\n\n\n\n<p>Claudia Espinosa considera que ser mujer y trabajar con pasi\u00f3n por su comunidad la impulsaron a lograr este reconocimiento. Su historia inspira a seguir construyendo un Bol\u00edvar m\u00e1s justo, igualitario y lleno de oportunidades para todos.<\/p>\n\n\n\n<figure class=\"wp-block-embed is-type-rich is-provider-spotify wp-block-embed-spotify wp-embed-aspect-21-9 wp-has-aspect-ratio\"><div class=\"wp-block-embed__wrapper\">\n<iframe title=\"Spotify Embed: Claudia Espinosa alcaldesa de Turbaco \u201cMujer Bol\u00edvar\u201d\" style=\"border-radius: 12px\" width=\"100%\" height=\"152\" frameborder=\"0\" allowfullscreen allow=\"autoplay; clipboard-write; encrypted-media; fullscreen; picture-in-picture\" loading=\"lazy\" src=\"https:\/\/open.spotify.com\/embed\/episode\/7vgVOIfcVsaTsl1HzGWlHF?si=sCdf11KgRlSYblS1BZ6jSw&#038;utm_source=oembed\"><\/iframe>\n<\/div><\/figure>\n","protected":false},"excerpt":{"rendered":"<p>La Fundaci\u00f3n Mujer reconoci\u00f3 a Claudia Espinosa como \u201cMujer Bol\u00edvar\u201d, destacando su liderazgo y compromiso social en Turbaco<\/p>\n","protected":false},"author":2,"featured_media":9156,"comment_status":"closed","ping_status":"closed","sticky":false,"template":"","format":"standard","meta":{"om_disable_all_campaigns":false,"_monsterinsights_skip_tracking":false,"_monsterinsights_sitenote_active":false,"_monsterinsights_sitenote_note":"","_monsterinsights_sitenote_category":0,"footnotes":""},"categories":[110,102],"tags":[444,620],"class_list":["post-9154","post","type-post","status-publish","format-standard","has-post-thumbnail","hentry","category-bolivar","category-generales","tag-alcaldia-turbaco","tag-claudia-espinosa"],"_links":{"self":[{"href":"https:\/\/cartagenaaldia.com\/index.php\/wp-json\/wp\/v2\/posts\/9154","targetHints":{"allow":["GET"]}}],"collection":[{"href":"https:\/\/cartagenaaldia.com\/index.php\/wp-json\/wp\/v2\/posts"}],"about":[{"href":"https:\/\/cartagenaaldia.com\/index.php\/wp-json\/wp\/v2\/types\/post"}],"author":[{"embeddable":true,"href":"https:\/\/cartagenaaldia.com\/index.php\/wp-json\/wp\/v2\/users\/2"}],"replies":[{"embeddable":true,"href":"https:\/\/cartagenaaldia.com\/index.php\/wp-json\/wp\/v2\/comments?post=9154"}],"version-history":[{"count":3,"href":"https:\/\/cartagenaaldia.com\/index.php\/wp-json\/wp\/v2\/posts\/9154\/revisions"}],"predecessor-version":[{"id":9159,"href":"https:\/\/cartagenaaldia.com\/index.php\/wp-json\/wp\/v2\/posts\/9154\/revisions\/9159"}],"wp:featuredmedia":[{"embeddable":true,"href":"https:\/\/cartagenaaldia.com\/index.php\/wp-json\/wp\/v2\/media\/9156"}],"wp:attachment":[{"href":"https:\/\/cartagenaaldia.com\/index.php\/wp-json\/wp\/v2\/media?parent=9154"}],"wp:term":[{"taxonomy":"category","embeddable":true,"href":"https:\/\/cartagenaaldia.com\/index.php\/wp-json\/wp\/v2\/categories?post=9154"},{"taxonomy":"post_tag","embeddable":true,"href":"https:\/\/cartagenaaldia.com\/index.php\/wp-json\/wp\/v2\/tags?post=9154"}],"curies":[{"name":"wp","href":"https:\/\/api.w.org\/{rel}","templated":true}]}}