{"id":9148,"date":"2025-04-26T17:04:53","date_gmt":"2025-04-26T22:04:53","guid":{"rendered":"https:\/\/cartagenaaldia.com\/?p=9148"},"modified":"2025-04-26T17:04:53","modified_gmt":"2025-04-26T22:04:53","slug":"docente-de-bolivar-gana-concurso-nacional-de-escritura-historias-de-paz-2025","status":"publish","type":"post","link":"https:\/\/cartagenaaldia.com\/index.php\/2025\/04\/26\/docente-de-bolivar-gana-concurso-nacional-de-escritura-historias-de-paz-2025\/","title":{"rendered":"Docente de Bol\u00edvar gana Concurso Nacional de Escritura Historias de Paz 2025"},"content":{"rendered":"\n<p>El <strong>Ministerio de Educaci\u00f3n Nacional<\/strong> y la <strong>Universidad Nacional de Colombia<\/strong> reconocieron a los 40 ganadores del <strong>Concurso Nacional de Escritura: Historias de Paz<\/strong>, en una emotiva ceremonia realizada en el Auditorio Alfonso L\u00f3pez Pumarejo. El certamen invit\u00f3 a personas de todas las edades a narrar sus vivencias y reflexiones sobre la paz y la reconciliaci\u00f3n en sus territorios.<\/p>\n\n\n\n<p><strong>Gloria Carrasco<\/strong>, viceministra de Educaci\u00f3n Preescolar, B\u00e1sica y Media, afirm\u00f3 que &#8220;<strong>desde la escuela podemos transformar vidas y transformar pa\u00eds<\/strong>&#8220;, resaltando el papel de la escritura como herramienta para construir un mundo m\u00e1s humanizado. La entrega de los reconocimientos estuvo acompa\u00f1ada por la <strong>vicerrectora de sede de la Universidad Nacional de Colombia<\/strong>, <strong>Andrea Carolina Jim\u00e9nez Mart\u00edn<\/strong>.<\/p>\n\n\n\n<p>El departamento de Bol\u00edvar brill\u00f3 en el certamen con la destacada participaci\u00f3n de <strong>Yerina Viana Moreno<\/strong>, docente de la <strong>Instituci\u00f3n Educativa Gabriel Garc\u00eda Taboada<\/strong> de <strong>El Carmen de Bol\u00edvar<\/strong>. <strong>Viana Moreno<\/strong> gan\u00f3 en la categor\u00eda de adulto con su cuento <strong>\u2018D\u00eda de la Verdad\u2019<\/strong>, una conmovedora historia sobre una mujer que, tras recibir una llamada inesperada, enfrenta el dolor de conocer el destino de su familia asesinada a\u00f1os atr\u00e1s. Al enfrentarse al victimario, la protagonista comprende que ambos son v\u00edctimas de la guerra, transmitiendo as\u00ed un poderoso mensaje sobre la necesidad de escuchar verdades dolorosas para construir paz.<\/p>\n\n\n\n<p>El concurso recibi\u00f3 <strong>10.339 postulaciones<\/strong> de todo el pa\u00eds, divididas en <strong>8.860 cuentos, 848 cr\u00f3nicas y 631 ensayos<\/strong>. Los ganadores se distribuyeron en tres categor\u00edas: <strong>infantil (8 ganadores), juvenil (16 ganadores) y adulto (16 ganadores)<\/strong>. Las obras premiadas ser\u00e1n publicadas en el libro oficial del concurso, <strong>Historias de Paz, Concurso Nacional de Escritura<\/strong>.<\/p>\n\n\n\n<p>Esta iniciativa forma parte del <strong>Plan Nacional de Lectura, Escritura, Oralidad y Bibliotecas<\/strong>, y tiene como objetivo <strong>fortalecer la formaci\u00f3n integral de los estudiantes<\/strong> mediante el uso de la escritura como herramienta de expresi\u00f3n, an\u00e1lisis cr\u00edtico y construcci\u00f3n de ciudadan\u00eda. A trav\u00e9s de este concurso, el Ministerio de Educaci\u00f3n fomenta la creatividad y el compromiso con la paz desde el entorno escolar.<strong>La destacada participaci\u00f3n de Bol\u00edvar reafirma el talento y la resiliencia de su gente<\/strong>, que desde la escritura, logra transformar el dolor en esperanza. El certamen no solo premia el talento literario, sino que tambi\u00e9n impulsa una generaci\u00f3n comprometida con la reconciliaci\u00f3n y la construcci\u00f3n de un mejor pa\u00eds.<\/p>\n","protected":false},"excerpt":{"rendered":"<p>Yerina Viana Moreno destaca en Concurso Nacional de Escritura con su cuento sobre reconciliaci\u00f3n<\/p>\n","protected":false},"author":2,"featured_media":9150,"comment_status":"closed","ping_status":"closed","sticky":false,"template":"","format":"standard","meta":{"om_disable_all_campaigns":false,"_monsterinsights_skip_tracking":false,"_monsterinsights_sitenote_active":false,"_monsterinsights_sitenote_note":"","_monsterinsights_sitenote_category":0,"footnotes":""},"categories":[112,102],"tags":[261,367,677],"class_list":["post-9148","post","type-post","status-publish","format-standard","has-post-thumbnail","hentry","category-educacion","category-generales","tag-mineducacion","tag-secretaria-educacion-bolivar","tag-sed"],"_links":{"self":[{"href":"https:\/\/cartagenaaldia.com\/index.php\/wp-json\/wp\/v2\/posts\/9148","targetHints":{"allow":["GET"]}}],"collection":[{"href":"https:\/\/cartagenaaldia.com\/index.php\/wp-json\/wp\/v2\/posts"}],"about":[{"href":"https:\/\/cartagenaaldia.com\/index.php\/wp-json\/wp\/v2\/types\/post"}],"author":[{"embeddable":true,"href":"https:\/\/cartagenaaldia.com\/index.php\/wp-json\/wp\/v2\/users\/2"}],"replies":[{"embeddable":true,"href":"https:\/\/cartagenaaldia.com\/index.php\/wp-json\/wp\/v2\/comments?post=9148"}],"version-history":[{"count":1,"href":"https:\/\/cartagenaaldia.com\/index.php\/wp-json\/wp\/v2\/posts\/9148\/revisions"}],"predecessor-version":[{"id":9151,"href":"https:\/\/cartagenaaldia.com\/index.php\/wp-json\/wp\/v2\/posts\/9148\/revisions\/9151"}],"wp:featuredmedia":[{"embeddable":true,"href":"https:\/\/cartagenaaldia.com\/index.php\/wp-json\/wp\/v2\/media\/9150"}],"wp:attachment":[{"href":"https:\/\/cartagenaaldia.com\/index.php\/wp-json\/wp\/v2\/media?parent=9148"}],"wp:term":[{"taxonomy":"category","embeddable":true,"href":"https:\/\/cartagenaaldia.com\/index.php\/wp-json\/wp\/v2\/categories?post=9148"},{"taxonomy":"post_tag","embeddable":true,"href":"https:\/\/cartagenaaldia.com\/index.php\/wp-json\/wp\/v2\/tags?post=9148"}],"curies":[{"name":"wp","href":"https:\/\/api.w.org\/{rel}","templated":true}]}}