{"id":9036,"date":"2025-04-17T18:17:46","date_gmt":"2025-04-17T23:17:46","guid":{"rendered":"https:\/\/cartagenaaldia.com\/?p=9036"},"modified":"2025-04-17T19:10:24","modified_gmt":"2025-04-18T00:10:24","slug":"reparada-fuga-en-acueducto-de-cartagena-servicio-de-agua-retornara-esta-misma-tarde","status":"publish","type":"post","link":"https:\/\/cartagenaaldia.com\/index.php\/2025\/04\/17\/reparada-fuga-en-acueducto-de-cartagena-servicio-de-agua-retornara-esta-misma-tarde\/","title":{"rendered":"Reparada fuga en acueducto de Cartagena, servicio de agua retornar\u00e1 esta misma tarde"},"content":{"rendered":"\n<p><strong>Aguas de Cartagena concluy\u00f3 la reparaci\u00f3n de una fuga en el sistema de acueducto<\/strong>, que afect\u00f3 al <strong>25% de la ciudad<\/strong> desde las primeras horas del jueves 17 de abril. El da\u00f1o se ubic\u00f3 en una <strong>tuber\u00eda del barrio Henequ\u00e9n<\/strong>, por donde se transporta agua cruda desde la <strong>estaci\u00f3n de bombeo Albornoz<\/strong> hasta la <strong>planta de potabilizaci\u00f3n El Bosque<\/strong>.<\/p>\n\n\n\n<p>La empresa inform\u00f3 que <strong>el equipo t\u00e9cnico y los contratistas trabajaron intensamente<\/strong> para resolver esta contingencia en el menor tiempo posible. Finalizadas las obras, se inici\u00f3 <strong>el proceso de reactivaci\u00f3n del bombeo<\/strong>, suspendido durante la emergencia, para normalizar gradualmente el servicio.<\/p>\n\n\n\n<p><strong>El retorno del agua comenzar\u00e1 en horas de la tarde<\/strong> y ser\u00e1 <strong>progresivo<\/strong>, ya que tanto la planta como la infraestructura afectada deben recuperar <strong>los niveles, caudales y presiones adecuadas<\/strong> para garantizar la correcta distribuci\u00f3n del l\u00edquido. Este proceso requiere un tiempo t\u00e9cnico indispensable para alcanzar la estabilidad del sistema.<\/p>\n\n\n\n<p>La compa\u00f1\u00eda asegur\u00f3 que <strong>contin\u00faa supervisando cada etapa del restablecimiento del servicio<\/strong>, y pidi\u00f3 a los usuarios tener paciencia mientras se normaliza por completo la presi\u00f3n en los hogares de los sectores afectados. Adem\u00e1s, destac\u00f3 la <strong>importancia del compromiso operativo y t\u00e9cnico del personal involucrado<\/strong>, que respondi\u00f3 con eficiencia al reto.<\/p>\n\n\n\n<p><strong>El restablecimiento del servicio es un paso clave para devolver la tranquilidad<\/strong> a cientos de familias cartageneras. Aguas de Cartagena record\u00f3 la necesidad de mantener <strong>el uso responsable del agua<\/strong>, especialmente en contextos donde la infraestructura puede presentar imprevistos.<\/p>\n\n\n\n<figure class=\"wp-block-embed is-type-video is-provider-youtube wp-block-embed-youtube wp-embed-aspect-16-9 wp-has-aspect-ratio\"><div class=\"wp-block-embed__wrapper\">\n<iframe title=\"Aguas de Cartagena repar\u00f3 la fuga en el acueducto: John Montoya, Gerente.\" width=\"500\" height=\"281\" src=\"https:\/\/www.youtube.com\/embed\/k-HHPDmbujM?feature=oembed\" frameborder=\"0\" allow=\"accelerometer; autoplay; clipboard-write; encrypted-media; gyroscope; picture-in-picture; web-share\" referrerpolicy=\"strict-origin-when-cross-origin\" allowfullscreen><\/iframe>\n<\/div><\/figure>\n","protected":false},"excerpt":{"rendered":"<p>Aguas de Cartagena restablece el bombeo tras solucionar da\u00f1o en barrio Henequ\u00e9n<\/p>\n","protected":false},"author":2,"featured_media":9039,"comment_status":"closed","ping_status":"closed","sticky":false,"template":"","format":"standard","meta":{"om_disable_all_campaigns":false,"_monsterinsights_skip_tracking":false,"_monsterinsights_sitenote_active":false,"_monsterinsights_sitenote_note":"","_monsterinsights_sitenote_category":0,"footnotes":""},"categories":[110,102],"tags":[247,248],"class_list":["post-9036","post","type-post","status-publish","format-standard","has-post-thumbnail","hentry","category-bolivar","category-generales","tag-acuacar","tag-aguas-de-cartagena"],"_links":{"self":[{"href":"https:\/\/cartagenaaldia.com\/index.php\/wp-json\/wp\/v2\/posts\/9036","targetHints":{"allow":["GET"]}}],"collection":[{"href":"https:\/\/cartagenaaldia.com\/index.php\/wp-json\/wp\/v2\/posts"}],"about":[{"href":"https:\/\/cartagenaaldia.com\/index.php\/wp-json\/wp\/v2\/types\/post"}],"author":[{"embeddable":true,"href":"https:\/\/cartagenaaldia.com\/index.php\/wp-json\/wp\/v2\/users\/2"}],"replies":[{"embeddable":true,"href":"https:\/\/cartagenaaldia.com\/index.php\/wp-json\/wp\/v2\/comments?post=9036"}],"version-history":[{"count":3,"href":"https:\/\/cartagenaaldia.com\/index.php\/wp-json\/wp\/v2\/posts\/9036\/revisions"}],"predecessor-version":[{"id":9040,"href":"https:\/\/cartagenaaldia.com\/index.php\/wp-json\/wp\/v2\/posts\/9036\/revisions\/9040"}],"wp:featuredmedia":[{"embeddable":true,"href":"https:\/\/cartagenaaldia.com\/index.php\/wp-json\/wp\/v2\/media\/9039"}],"wp:attachment":[{"href":"https:\/\/cartagenaaldia.com\/index.php\/wp-json\/wp\/v2\/media?parent=9036"}],"wp:term":[{"taxonomy":"category","embeddable":true,"href":"https:\/\/cartagenaaldia.com\/index.php\/wp-json\/wp\/v2\/categories?post=9036"},{"taxonomy":"post_tag","embeddable":true,"href":"https:\/\/cartagenaaldia.com\/index.php\/wp-json\/wp\/v2\/tags?post=9036"}],"curies":[{"name":"wp","href":"https:\/\/api.w.org\/{rel}","templated":true}]}}