{"id":9031,"date":"2025-04-17T11:57:34","date_gmt":"2025-04-17T16:57:34","guid":{"rendered":"https:\/\/cartagenaaldia.com\/?p=9031"},"modified":"2025-04-17T11:57:34","modified_gmt":"2025-04-17T16:57:34","slug":"aguas-de-cartagena-repara-tuberia-rota-que-afecta-al-25-de-la-ciudad","status":"publish","type":"post","link":"https:\/\/cartagenaaldia.com\/index.php\/2025\/04\/17\/aguas-de-cartagena-repara-tuberia-rota-que-afecta-al-25-de-la-ciudad\/","title":{"rendered":"Aguas de Cartagena repara tuber\u00eda rota que afecta al 25% de la ciudad"},"content":{"rendered":"\n<p><strong>Aguas de Cartagena<\/strong> inici\u00f3 la <strong>reparaci\u00f3n urgente de una tuber\u00eda averiada en el barrio Henequ\u00e9n<\/strong>, afectando el suministro de agua potable al <strong>25% de la ciudad<\/strong>. El da\u00f1o se registr\u00f3 en una l\u00ednea que transporta agua cruda desde la <strong>Estaci\u00f3n de Bombeo Albornoz<\/strong> hasta la <strong>planta de potabilizaci\u00f3n El Bosque<\/strong>.<\/p>\n\n\n\n<p>La empresa <strong>activ\u00f3 su Plan de Contingencia<\/strong> con personal especializado y contratistas, adem\u00e1s de maquinaria y equipos necesarios para realizar la intervenci\u00f3n con prontitud. Seg\u00fan el reporte oficial, <strong>el tiempo estimado para finalizar la reparaci\u00f3n es de seis horas<\/strong>, siempre que las condiciones t\u00e9cnicas lo permitan.<\/p>\n\n\n\n<p><strong>Barrios como Mar\u00eda Auxiliadora, El L\u00edbano, Playa Blanca, La Boquilla, Crespo, Ternera y Alto Bosque<\/strong> se encuentran entre los m\u00e1s de 100 sectores afectados. Tambi\u00e9n resultan impactadas infraestructuras cr\u00edticas como <strong>la Terminal de Transportes, la C\u00e1rcel de Ternera, cementerios y la Cl\u00ednica El Bosque<\/strong>.<\/p>\n\n\n\n<p>La suspensi\u00f3n alcanza <strong>zonas residenciales, sectores comerciales, corregimientos como La Boquilla, y urbanizaciones en la Troncal, El Country y la zona suroccidental<\/strong> de la ciudad. Aguas de Cartagena <strong>recomienda a la ciudadan\u00eda hacer un uso racional del agua almacenada<\/strong> mientras se restablece el servicio.<\/p>\n\n\n\n<p>La empresa reitera que <strong>esta intervenci\u00f3n es prioritaria<\/strong> para evitar mayores afectaciones al sistema general de acueducto y garantiza que sus equipos trabajan de forma continua hasta normalizar el suministro. En caso de presentarse novedades, se informar\u00e1 oportunamente a trav\u00e9s de sus canales oficiales.<\/p>\n\n\n\n<p><strong>El restablecimiento total del servicio depender\u00e1 del avance de la reparaci\u00f3n<\/strong>, por lo que se exhorta a la ciudadan\u00eda a mantenerse atenta a los comunicados oficiales. Este tipo de contingencias subraya la importancia del mantenimiento permanente de las redes y el compromiso de la empresa con la continuidad del servicio.<\/p>\n\n\n\n<p><strong>Estos son los barrios afectafos:<\/strong><\/p>\n\n\n\n<p>Mar\u00eda Auxiliadora, Boston, El L\u00edbano, Salim Bechara, Ricaurte, Central, Progreso, La Magdalena, Playa Blanca, Zarabanda, Fredonia, Nuevo Para\u00edso, Pantano&nbsp; de Vargas, Las Am\u00e9ricas, Ucop\u00edn, San Antonio, Stella, 11 de Noviembre, Rafael Nu\u00f1ez, Castillete, Costa Linda, la Villa Ol\u00edmpica,&nbsp; Chiquinquir\u00e1, Rep\u00fablica de Venezuela, La India, 13 de Junio, Alpes Club, Terraza Los Alpes, Chapacu\u00e1, Viejo Porvenir, Los Cerezos, El Gallo,&nbsp; Madrigal, Las Margaritas, Nuevo Milenio; urbanizaciones Sevilla, Los Cocos, Villa Rosita, Brisas de La Cordialidad, Comercio do\u00f1a Manuela, la Terminal de Transportes, San Jos\u00e9 Obrero, Nuevo Porvenir, Las Gaviotas; Los Alpes, las viviendas entre la transversal 70 a la 71D y las calles 63 a la diagonal 32; Las Palmeras, manzanas 1 a la 40; Nuevo Paraguay, Paraguay, Las Lomas, Monserrate, Jun\u00edn, El Conquistador, Andaluc\u00eda, Jos\u00e9 Antonio Gal\u00e1n, La Gloria, Piedra Bol\u00edvar, Manzanares, 9 de Abril, Las Brisas, Altos de San Isidro, San Isidro, Nueva Granada, Bosquecito, Altos de Nuevo Bosque, La Conquista, Los Cerros; urbanizaciones, El Mirador de Zaragocilla, Parque de Zaragocilla,Zaragocilla sector El Progreso.San Isidro.<\/p>\n\n\n\n<p>Igualmente se afectan la urbanizaciones La Espa\u00f1ola y Tequendama; Loma de Diamante de Torices, Nari\u00f1o, Los Comuneros, Pedro Salazar, Santa Rita, Canapote, Daniel Lemaitre, Crespito; conjunto residencial San Juan, Santa Mar\u00eda, Portal del Virrey, 20 de Julio, Crespo, urbanizaci\u00f3n Cielo Mar, los conjuntos residenciales alrededor de Playa Azul; las Faldas de La Popa: Pablo VI I y II, Loma Fresca, Petare,&nbsp; Rep\u00fablica del Caribe, Para\u00edso II, Palestina, La Heroica,, San Vicente de Pa\u00fal, La Primavera, 13 de Mayo, La Paz, Sina\u00ed, Lomas de San Francisco, San Bernardo de As\u00eds, San Francisco sector Las Canteras; La Mar\u00eda, los sectores de Los Corales, Panorama, Lomas del Pey\u00e9, La Esperanza, sector las Delicias. Lo Amador entre la calle 35 a la 37&nbsp; y carrera 20 a la&nbsp; 21; la Quinta, calle 35, entre carrera 21 y 21A; las viviendas comprendidas entre Paseo Bol\u00edvar y las Faldas de la Popa y el corregimiento de La Boquilla; Amberes, Camino del Medio, Alcibia, La Esperanza, San Francisco, 7 de Agosto, Lomas de San Francisco, Armenia, El Prado, Martinez Martelo, La Mar\u00eda, La Candelaria, Bruselas, Espa\u00f1a; Villa Le\u00f3n, Villa Lorena, El Campestre, El Golf, Vista Hermosa, El Milagro, El Carmelo, Blas de Lezo, Casas Militares, Plan 400, El Socorro; Portal de San Fernando, El Nogal, Ternera, Villas de La Victoria, Torres de La Victoria, Alameda La Victoria, Villa Alejandra, San Fernando, sector Medell\u00edn; Los Ciruelos; las urbanizaciones Sim\u00f3n Bol\u00edvar,&nbsp; 11 de Noviembre y Berl\u00edn; adem\u00e1s de la C\u00e1rcel de Ternera, cementerios y Cl\u00ednica El Bosque.<\/p>\n\n\n\n<p>Tambi\u00e9n quedan afectadas las urbanizaciones La Concepci\u00f3n, Para\u00edso Real, Bar\u00fa, Los Abetos, Sevilla Real, Ciudad Sevilla, Mallorca, El Recreo, Valencia, El Ed\u00e9n, Villa Concha, Beirut, Rinc\u00f3n de La Villa, Villa del Sol, San Buenaventura, Nabonasar, Ternera, La Princesa, Llano Verde, Providencia, Anita; las urbanizaciones sobre la diagonal 32, entre la Bomba El Gallo y el barrio Ternera; San Pedro, en las manzanas comprendidas entre la avenida El Consulado y el canal Ricaurte; San Fernando, las viviendas entre la calle 15 y la avenida Pedro de Heredia; Juan XXIII, Alto Bosque, el Refugio, Loma del Mari\u00f3n, urbanizaci\u00f3n Buenavista, Nuevo Chile, Chile, Manzanillo, El Zapatero, Cartagenita, Ceballos, Nuevo Oriente, Rinc\u00f3n del Bosque, Bosque, Alto Bosque, Nuevo Bosque, La Campi\u00f1a, Barlovento, Britania, Los Caobos, Los Corales, Bah\u00eda, La Fragata, Colegio Inem, Almirante Col\u00f3n, Los Caracoles, Santillana de Los Patios, Universidad del Sin\u00fa, El Country, Parque Residencial El Country, Los Almendros, La Troncal, Villa Andrea, El Carmen, Las Delicias, El Rub\u00ed y urbanizaci\u00f3n Asturias.<\/p>\n","protected":false},"excerpt":{"rendered":"<p>Intervenci\u00f3n de emergencia en Henequ\u00e9n suspende acueducto en numerosos barrios de Cartagena<\/p>\n","protected":false},"author":2,"featured_media":9035,"comment_status":"closed","ping_status":"closed","sticky":false,"template":"","format":"standard","meta":{"om_disable_all_campaigns":false,"_monsterinsights_skip_tracking":false,"_monsterinsights_sitenote_active":false,"_monsterinsights_sitenote_note":"","_monsterinsights_sitenote_category":0,"footnotes":""},"categories":[110,102],"tags":[247,248],"class_list":["post-9031","post","type-post","status-publish","format-standard","has-post-thumbnail","hentry","category-bolivar","category-generales","tag-acuacar","tag-aguas-de-cartagena"],"_links":{"self":[{"href":"https:\/\/cartagenaaldia.com\/index.php\/wp-json\/wp\/v2\/posts\/9031","targetHints":{"allow":["GET"]}}],"collection":[{"href":"https:\/\/cartagenaaldia.com\/index.php\/wp-json\/wp\/v2\/posts"}],"about":[{"href":"https:\/\/cartagenaaldia.com\/index.php\/wp-json\/wp\/v2\/types\/post"}],"author":[{"embeddable":true,"href":"https:\/\/cartagenaaldia.com\/index.php\/wp-json\/wp\/v2\/users\/2"}],"replies":[{"embeddable":true,"href":"https:\/\/cartagenaaldia.com\/index.php\/wp-json\/wp\/v2\/comments?post=9031"}],"version-history":[{"count":3,"href":"https:\/\/cartagenaaldia.com\/index.php\/wp-json\/wp\/v2\/posts\/9031\/revisions"}],"predecessor-version":[{"id":9034,"href":"https:\/\/cartagenaaldia.com\/index.php\/wp-json\/wp\/v2\/posts\/9031\/revisions\/9034"}],"wp:featuredmedia":[{"embeddable":true,"href":"https:\/\/cartagenaaldia.com\/index.php\/wp-json\/wp\/v2\/media\/9035"}],"wp:attachment":[{"href":"https:\/\/cartagenaaldia.com\/index.php\/wp-json\/wp\/v2\/media?parent=9031"}],"wp:term":[{"taxonomy":"category","embeddable":true,"href":"https:\/\/cartagenaaldia.com\/index.php\/wp-json\/wp\/v2\/categories?post=9031"},{"taxonomy":"post_tag","embeddable":true,"href":"https:\/\/cartagenaaldia.com\/index.php\/wp-json\/wp\/v2\/tags?post=9031"}],"curies":[{"name":"wp","href":"https:\/\/api.w.org\/{rel}","templated":true}]}}