{"id":9027,"date":"2025-04-17T01:35:00","date_gmt":"2025-04-17T06:35:00","guid":{"rendered":"https:\/\/cartagenaaldia.com\/?p=9027"},"modified":"2025-04-17T01:35:01","modified_gmt":"2025-04-17T06:35:01","slug":"autoridades-intensifican-busqueda-de-joven-desaparecida-cerca-del-mar-en-cartagena","status":"publish","type":"post","link":"https:\/\/cartagenaaldia.com\/index.php\/2025\/04\/17\/autoridades-intensifican-busqueda-de-joven-desaparecida-cerca-del-mar-en-cartagena\/","title":{"rendered":"Autoridades intensifican b\u00fasqueda de joven desaparecida cerca del mar en Cartagena"},"content":{"rendered":"\n<p>Las autoridades de <strong>Cartagena de Indias<\/strong> intensificaron la b\u00fasqueda de <strong>Tatiana<\/strong>, una joven m\u00e9dica bogotana desaparecida en el sector de <strong>Las Murallas<\/strong>, cerca del mar Caribe. Seg\u00fan lo inform\u00f3 el <strong>secretario del Interior, Bruno Hern\u00e1ndez<\/strong>, el Distrito activ\u00f3 <strong>un protocolo de b\u00fasqueda urgente<\/strong>, con el apoyo de distintas instituciones y el uso de nuevas tecnolog\u00edas.<\/p>\n\n\n\n<p>La \u00faltima vez que se vio a la joven fue en el espol\u00f3n de la entrada de <strong>Bocagrande<\/strong>, en la Avenida Santander. Desde entonces, se desplegaron esfuerzos terrestres y mar\u00edtimos que incluyen a <strong>la Polic\u00eda Metropolitana de Cartagena, el Gaula y la Armada Nacional<\/strong>, que realiza labores de rastreo con unidades de <strong>guardacostas<\/strong>.<\/p>\n\n\n\n<p><strong>\u201cEstamos de manera incansable en la b\u00fasqueda de esta joven m\u00e9dica. El alcalde tambi\u00e9n ha hecho un pronunciamiento. Es un compromiso total del Distrito dar con su paradero\u201d<\/strong>, asegur\u00f3 Hern\u00e1ndez. A\u00f1adi\u00f3 que <strong>la madre de Tatiana, la se\u00f1ora Lucy, cuenta con acompa\u00f1amiento permanente por parte del Distrito<\/strong>, con apoyo psicol\u00f3gico y log\u00edstico.<\/p>\n\n\n\n<p>Una de las estrategias destacadas por el secretario fue la implementaci\u00f3n de <strong>\u201cCatalina\u201d, una nueva aplicaci\u00f3n basada en inteligencia artificial<\/strong>, que recopila y analiza datos en tiempo real para facilitar las labores de b\u00fasqueda. \u201cEsta plataforma se convierte en una herramienta valiosa para contrastar las pistas que entrega la ciudadan\u00eda\u201d, explic\u00f3.<\/p>\n\n\n\n<p>Aunque se han recibido reportes con posibles coincidencias, <strong>ninguno ha resultado ser Tatiana<\/strong>. Las autoridades insisten en la importancia de la colaboraci\u00f3n ciudadana, solicitando a la comunidad estar alerta y reportar cualquier informaci\u00f3n \u00fatil que pueda contribuir a la investigaci\u00f3n.<\/p>\n\n\n\n<p>Adem\u00e1s, la <strong>empresa Distriseguridad dispuso drones acu\u00e1ticos para inspeccionar zonas de dif\u00edcil acceso<\/strong>, ampliando as\u00ed la capacidad operativa en el \u00e1rea mar\u00edtima. \u201cTodo el equipo distrital y las entidades involucradas trabajamos con un solo objetivo: encontrarla\u201d, puntualiz\u00f3 Hern\u00e1ndez.<\/p>\n\n\n\n<p><strong>La desaparici\u00f3n de Tatiana ha generado profunda preocupaci\u00f3n y solidaridad en la ciudadan\u00eda<\/strong>, convirti\u00e9ndose en un llamado urgente a fortalecer los mecanismos de prevenci\u00f3n, respuesta y tecnolog\u00eda para casos similares. El Distrito reitera que <strong>todas las instituciones est\u00e1n alineadas en una acci\u00f3n conjunta y sin pausa<\/strong>, combinando la tecnolog\u00eda, la vigilancia territorial y el componente humano para brindar resultados concretos a la familia y a la comunidad.<\/p>\n\n\n\n<iframe style=\"border-radius:12px\" src=\"https:\/\/open.spotify.com\/embed\/episode\/2BMvSqYG7J4oUUtQQ04454?utm_source=generator\" width=\"100%\" height=\"352\" frameBorder=\"0\" allowfullscreen=\"\" allow=\"autoplay; clipboard-write; encrypted-media; fullscreen; picture-in-picture\" loading=\"lazy\"><\/iframe>\n","protected":false},"excerpt":{"rendered":"<p>Cartagena emplea inteligencia artificial y drones para hallar joven desaparecida en Bocagrande<\/p>\n","protected":false},"author":2,"featured_media":9028,"comment_status":"closed","ping_status":"closed","sticky":false,"template":"","format":"standard","meta":{"om_disable_all_campaigns":false,"_monsterinsights_skip_tracking":false,"_monsterinsights_sitenote_active":false,"_monsterinsights_sitenote_note":"","_monsterinsights_sitenote_category":0,"footnotes":""},"categories":[115,102,111],"tags":[275,726],"class_list":["post-9027","post","type-post","status-publish","format-standard","has-post-thumbnail","hentry","category-colombia","category-generales","category-justicia","tag-alcaldia-cartagena","tag-secretaria-interior-cartagena"],"_links":{"self":[{"href":"https:\/\/cartagenaaldia.com\/index.php\/wp-json\/wp\/v2\/posts\/9027","targetHints":{"allow":["GET"]}}],"collection":[{"href":"https:\/\/cartagenaaldia.com\/index.php\/wp-json\/wp\/v2\/posts"}],"about":[{"href":"https:\/\/cartagenaaldia.com\/index.php\/wp-json\/wp\/v2\/types\/post"}],"author":[{"embeddable":true,"href":"https:\/\/cartagenaaldia.com\/index.php\/wp-json\/wp\/v2\/users\/2"}],"replies":[{"embeddable":true,"href":"https:\/\/cartagenaaldia.com\/index.php\/wp-json\/wp\/v2\/comments?post=9027"}],"version-history":[{"count":1,"href":"https:\/\/cartagenaaldia.com\/index.php\/wp-json\/wp\/v2\/posts\/9027\/revisions"}],"predecessor-version":[{"id":9029,"href":"https:\/\/cartagenaaldia.com\/index.php\/wp-json\/wp\/v2\/posts\/9027\/revisions\/9029"}],"wp:featuredmedia":[{"embeddable":true,"href":"https:\/\/cartagenaaldia.com\/index.php\/wp-json\/wp\/v2\/media\/9028"}],"wp:attachment":[{"href":"https:\/\/cartagenaaldia.com\/index.php\/wp-json\/wp\/v2\/media?parent=9027"}],"wp:term":[{"taxonomy":"category","embeddable":true,"href":"https:\/\/cartagenaaldia.com\/index.php\/wp-json\/wp\/v2\/categories?post=9027"},{"taxonomy":"post_tag","embeddable":true,"href":"https:\/\/cartagenaaldia.com\/index.php\/wp-json\/wp\/v2\/tags?post=9027"}],"curies":[{"name":"wp","href":"https:\/\/api.w.org\/{rel}","templated":true}]}}