{"id":8990,"date":"2025-04-15T14:24:54","date_gmt":"2025-04-15T19:24:54","guid":{"rendered":"https:\/\/cartagenaaldia.com\/?p=8990"},"modified":"2025-04-15T14:24:55","modified_gmt":"2025-04-15T19:24:55","slug":"panam-sports-transmitira-en-vivo-el-panam-aquatics-championships-desde-medellin-para-el-mundo","status":"publish","type":"post","link":"https:\/\/cartagenaaldia.com\/index.php\/2025\/04\/15\/panam-sports-transmitira-en-vivo-el-panam-aquatics-championships-desde-medellin-para-el-mundo\/","title":{"rendered":"Panam Sports transmitir\u00e1 en vivo el PanAm Aquatics Championships desde Medell\u00edn para el mundo"},"content":{"rendered":"\n<p><strong>Panam Sports anunci\u00f3 una amplia cobertura del PanAm Aquatics Championships<\/strong>, el primer Campeonato Panamericano de Deportes Acu\u00e1ticos de la historia, que se realizar\u00e1 en <strong>Medell\u00edn, Colombia<\/strong>. Este evento sin precedentes se transmitir\u00e1 <strong>en vivo y en directo para toda Am\u00e9rica y el mundo<\/strong> a trav\u00e9s del <strong>Panam Sports Channel<\/strong>, adem\u00e1s de contar con una intensa presencia en redes sociales.<\/p>\n\n\n\n<p><strong>La estrategia de cobertura digital forma parte de los objetivos clave de Panam Sports<\/strong>. La organizaci\u00f3n busca no solo <strong>promover el deporte en el continente<\/strong>, sino tambi\u00e9n dar <strong>visibilidad internacional a los atletas y a los torneos de alto nivel<\/strong> que se celebran en la regi\u00f3n.<\/p>\n\n\n\n<p><strong>\u201cEstamos haciendo un esfuerzo importante para transmitir en vivo y en directo este Panamericano\u201d<\/strong>, afirm\u00f3 <strong>Jimena Salda\u00f1a<\/strong>, secretaria general de Panam Sports. Agreg\u00f3 que esta cobertura es parte de una apuesta integral por <strong>fortalecer la proyecci\u00f3n de los deportes panamericanos<\/strong> en el entorno digital global.<\/p>\n\n\n\n<p><strong>La audiencia internacional podr\u00e1 seguir todas las disciplinas del campeonato<\/strong> \u2014clavados, polo acu\u00e1tico, nataci\u00f3n art\u00edstica, carreras y aguas abiertas\u2014 en tiempo real a trav\u00e9s del canal oficial, as\u00ed como por las <strong>plataformas digitales de Panam Sports<\/strong>. Esta acci\u00f3n ampl\u00eda el alcance del evento y consolida una <strong>experiencia deportiva sin fronteras<\/strong>.<\/p>\n\n\n\n<p>Adem\u00e1s de ser un espect\u00e1culo deportivo, la cobertura del PanAm Aquatics Championships representa <strong>un impulso a la innovaci\u00f3n y digitalizaci\u00f3n del deporte panamericano<\/strong>. La visibilidad que genera este tipo de transmisiones en vivo <strong>beneficia a los atletas<\/strong>, fomenta la inspiraci\u00f3n entre nuevas generaciones y posiciona a Medell\u00edn como un epicentro deportivo internacional.<\/p>\n\n\n\n<p><strong>Panam Sports ratifica su compromiso con el desarrollo integral del deporte en Am\u00e9rica<\/strong>, no solo apoyando la organizaci\u00f3n de eventos, sino tambi\u00e9n asegurando que cada competencia <strong>llegue a los hogares del continente<\/strong>, fortaleciendo la conexi\u00f3n entre los deportistas y sus audiencias.<\/p>\n","protected":false},"excerpt":{"rendered":"<p>El canal Panam Sports Channel ofrecer\u00e1 cobertura total del Panamericano de Deportes Acu\u00e1ticos en Colombia<\/p>\n","protected":false},"author":2,"featured_media":8991,"comment_status":"closed","ping_status":"closed","sticky":false,"template":"","format":"standard","meta":{"om_disable_all_campaigns":false,"_monsterinsights_skip_tracking":false,"_monsterinsights_sitenote_active":false,"_monsterinsights_sitenote_note":"","_monsterinsights_sitenote_category":0,"footnotes":""},"categories":[106,102],"tags":[359,470,162],"class_list":["post-8990","post","type-post","status-publish","format-standard","has-post-thumbnail","hentry","category-deporte","category-generales","tag-coc","tag-comite-olimpico-colombiano","tag-panam-sports"],"_links":{"self":[{"href":"https:\/\/cartagenaaldia.com\/index.php\/wp-json\/wp\/v2\/posts\/8990","targetHints":{"allow":["GET"]}}],"collection":[{"href":"https:\/\/cartagenaaldia.com\/index.php\/wp-json\/wp\/v2\/posts"}],"about":[{"href":"https:\/\/cartagenaaldia.com\/index.php\/wp-json\/wp\/v2\/types\/post"}],"author":[{"embeddable":true,"href":"https:\/\/cartagenaaldia.com\/index.php\/wp-json\/wp\/v2\/users\/2"}],"replies":[{"embeddable":true,"href":"https:\/\/cartagenaaldia.com\/index.php\/wp-json\/wp\/v2\/comments?post=8990"}],"version-history":[{"count":1,"href":"https:\/\/cartagenaaldia.com\/index.php\/wp-json\/wp\/v2\/posts\/8990\/revisions"}],"predecessor-version":[{"id":8992,"href":"https:\/\/cartagenaaldia.com\/index.php\/wp-json\/wp\/v2\/posts\/8990\/revisions\/8992"}],"wp:featuredmedia":[{"embeddable":true,"href":"https:\/\/cartagenaaldia.com\/index.php\/wp-json\/wp\/v2\/media\/8991"}],"wp:attachment":[{"href":"https:\/\/cartagenaaldia.com\/index.php\/wp-json\/wp\/v2\/media?parent=8990"}],"wp:term":[{"taxonomy":"category","embeddable":true,"href":"https:\/\/cartagenaaldia.com\/index.php\/wp-json\/wp\/v2\/categories?post=8990"},{"taxonomy":"post_tag","embeddable":true,"href":"https:\/\/cartagenaaldia.com\/index.php\/wp-json\/wp\/v2\/tags?post=8990"}],"curies":[{"name":"wp","href":"https:\/\/api.w.org\/{rel}","templated":true}]}}