{"id":8986,"date":"2025-04-15T13:44:47","date_gmt":"2025-04-15T18:44:47","guid":{"rendered":"https:\/\/cartagenaaldia.com\/?p=8986"},"modified":"2025-04-15T13:44:47","modified_gmt":"2025-04-15T18:44:47","slug":"medellin-acoge-el-primer-campeonato-panamericano-de-deportes-acuaticos-de-la-historia","status":"publish","type":"post","link":"https:\/\/cartagenaaldia.com\/index.php\/2025\/04\/15\/medellin-acoge-el-primer-campeonato-panamericano-de-deportes-acuaticos-de-la-historia\/","title":{"rendered":"Medell\u00edn acoge el primer Campeonato Panamericano de Deportes Acu\u00e1ticos de la historia"},"content":{"rendered":"\n<p><strong>El Complejo Acu\u00e1tico C\u00e9sar Zapata de Medell\u00edn ser\u00e1 el escenario del PanAm Aquatics Championships<\/strong>, el primer Campeonato Panamericano de Deportes Acu\u00e1ticos de la historia. El evento reunir\u00e1 a <strong>m\u00e1s de 1.200 deportistas provenientes de 35 naciones del continente<\/strong>, quienes competir\u00e1n en cinco disciplinas: clavados, polo acu\u00e1tico, nataci\u00f3n art\u00edstica, nataci\u00f3n carreras y aguas abiertas.<\/p>\n\n\n\n<p><strong>El certamen tendr\u00e1 lugar en la Unidad Deportiva Atanasio Girardot<\/strong>, uno de los escenarios deportivos m\u00e1s importantes de Colombia, y convertir\u00e1 a Medell\u00edn en el epicentro del deporte acu\u00e1tico continental durante el mes de mayo.<\/p>\n\n\n\n<p><strong>Este campeonato tiene un valor agregado<\/strong>, ya que servir\u00e1 como evento clasificatorio para los <strong>Juegos Panamericanos Junior Asunci\u00f3n 2025<\/strong> y para el <strong>Campeonato Mundial de Deportes Acu\u00e1ticos en Singapur<\/strong>, lo que eleva el nivel competitivo de cada una de las pruebas.<\/p>\n\n\n\n<p><strong>El calendario de competencias est\u00e1 distribuido de la siguiente manera<\/strong>:<\/p>\n\n\n\n<ul class=\"wp-block-list\">\n<li><em>Nataci\u00f3n carreras:<\/em> del 13 al 17 de mayo<\/li>\n\n\n\n<li><em>Clavados:<\/em> del 13 al 17 de mayo<\/li>\n\n\n\n<li><em>Nataci\u00f3n art\u00edstica:<\/em> del 17 al 20 de mayo<\/li>\n\n\n\n<li><em>Polo acu\u00e1tico:<\/em> del 19 al 24 de mayo<\/li>\n\n\n\n<li><em>Aguas abiertas:<\/em> del 21 al 23 de mayo<\/li>\n<\/ul>\n\n\n\n<p><strong>Este evento deportivo es hist\u00f3rico para la regi\u00f3n y para el pa\u00eds<\/strong>, ya que consolida a Medell\u00edn como un destino clave para el alto rendimiento y la organizaci\u00f3n de torneos de talla internacional. Adem\u00e1s, promueve la pr\u00e1ctica de disciplinas acu\u00e1ticas y visibiliza el talento deportivo emergente del continente.<\/p>\n\n\n\n<p><strong>La participaci\u00f3n de atletas de 35 pa\u00edses convierte al PanAm Aquatics Championships en una vitrina de diversidad, excelencia y unidad deportiva.<\/strong> Con el respaldo de las federaciones nacionales y la organizaci\u00f3n local, Medell\u00edn se prepara para brindar una experiencia deportiva memorable tanto a los atletas como al p\u00fablico.<strong>El PanAm Aquatics Championships tambi\u00e9n dejar\u00e1 un legado importante en infraestructura, turismo deportivo y visibilidad internacional para Medell\u00edn.<\/strong> Esta cita se inscribe en la apuesta estrat\u00e9gica de Colombia por posicionarse como sede de grandes competencias continentales y globales.<\/p>\n","protected":false},"excerpt":{"rendered":"<p>M\u00e1s de 1200 atletas competir\u00e1n en cinco disciplinas acu\u00e1ticas en el PanAm Aquatics Championships<\/p>\n","protected":false},"author":2,"featured_media":8989,"comment_status":"closed","ping_status":"closed","sticky":false,"template":"","format":"standard","meta":{"om_disable_all_campaigns":false,"_monsterinsights_skip_tracking":false,"_monsterinsights_sitenote_active":false,"_monsterinsights_sitenote_note":"","_monsterinsights_sitenote_category":0,"footnotes":""},"categories":[106,102],"tags":[162],"class_list":["post-8986","post","type-post","status-publish","format-standard","has-post-thumbnail","hentry","category-deporte","category-generales","tag-panam-sports"],"_links":{"self":[{"href":"https:\/\/cartagenaaldia.com\/index.php\/wp-json\/wp\/v2\/posts\/8986","targetHints":{"allow":["GET"]}}],"collection":[{"href":"https:\/\/cartagenaaldia.com\/index.php\/wp-json\/wp\/v2\/posts"}],"about":[{"href":"https:\/\/cartagenaaldia.com\/index.php\/wp-json\/wp\/v2\/types\/post"}],"author":[{"embeddable":true,"href":"https:\/\/cartagenaaldia.com\/index.php\/wp-json\/wp\/v2\/users\/2"}],"replies":[{"embeddable":true,"href":"https:\/\/cartagenaaldia.com\/index.php\/wp-json\/wp\/v2\/comments?post=8986"}],"version-history":[{"count":1,"href":"https:\/\/cartagenaaldia.com\/index.php\/wp-json\/wp\/v2\/posts\/8986\/revisions"}],"predecessor-version":[{"id":8987,"href":"https:\/\/cartagenaaldia.com\/index.php\/wp-json\/wp\/v2\/posts\/8986\/revisions\/8987"}],"wp:featuredmedia":[{"embeddable":true,"href":"https:\/\/cartagenaaldia.com\/index.php\/wp-json\/wp\/v2\/media\/8989"}],"wp:attachment":[{"href":"https:\/\/cartagenaaldia.com\/index.php\/wp-json\/wp\/v2\/media?parent=8986"}],"wp:term":[{"taxonomy":"category","embeddable":true,"href":"https:\/\/cartagenaaldia.com\/index.php\/wp-json\/wp\/v2\/categories?post=8986"},{"taxonomy":"post_tag","embeddable":true,"href":"https:\/\/cartagenaaldia.com\/index.php\/wp-json\/wp\/v2\/tags?post=8986"}],"curies":[{"name":"wp","href":"https:\/\/api.w.org\/{rel}","templated":true}]}}