{"id":8975,"date":"2025-04-12T18:10:16","date_gmt":"2025-04-12T23:10:16","guid":{"rendered":"https:\/\/cartagenaaldia.com\/?p=8975"},"modified":"2025-04-12T18:10:16","modified_gmt":"2025-04-12T23:10:16","slug":"afinia-activa-plan-especial-para-garantizar-energia-en-semana-santa-en-la-region","status":"publish","type":"post","link":"https:\/\/cartagenaaldia.com\/index.php\/2025\/04\/12\/afinia-activa-plan-especial-para-garantizar-energia-en-semana-santa-en-la-region\/","title":{"rendered":"Afinia activa plan especial para garantizar energ\u00eda en Semana Santa en la regi\u00f3n"},"content":{"rendered":"\n<p><strong>Afinia, filial del Grupo EPM, activ\u00f3 un plan de contingencia especial<\/strong> para garantizar la continuidad del servicio de energ\u00eda el\u00e9ctrica durante la Semana Santa en los departamentos de Bol\u00edvar, Cesar, C\u00f3rdoba, Sucre y 11 municipios del Magdalena.<\/p>\n\n\n\n<p><strong>La empresa dispondr\u00e1 de m\u00e1s de 800 personas, entre t\u00e9cnicos, operativos y personal administrativo<\/strong>, quienes estar\u00e1n disponibles para atender cualquier eventualidad en la red de distribuci\u00f3n local y regional. Las brigadas se ubicar\u00e1n estrat\u00e9gicamente en los sitios con mayor afluencia tur\u00edstica y de concentraci\u00f3n masiva de personas.<\/p>\n\n\n\n<p><strong>La compa\u00f1\u00eda tambi\u00e9n ejecut\u00f3 una serie de acciones preventivas<\/strong> en puntos clave del sistema el\u00e9ctrico. Estas incluyen <strong>poda y despeje de vegetaci\u00f3n en 52 circuitos<\/strong>, <strong>intervenci\u00f3n prioritaria en 20 circuitos estrat\u00e9gicos<\/strong>, <strong>inspecci\u00f3n termogr\u00e1fica en 51 circuitos<\/strong> para detectar puntos cr\u00edticos, y <strong>mantenimiento en subestaciones, balanceo de cargas y renovaci\u00f3n de infraestructura en mal estado<\/strong>.<\/p>\n\n\n\n<p>Todas estas tareas forman parte de una estrategia dise\u00f1ada para fortalecer la confiabilidad del sistema el\u00e9ctrico y reducir la ocurrencia de interrupciones causadas por sobrecargas o condiciones clim\u00e1ticas adversas.<\/p>\n\n\n\n<p><strong>Durante los d\u00edas santos, Afinia no realizar\u00e1 trabajos programados en la red<\/strong>, como parte del compromiso con los usuarios y el objetivo de mantener la estabilidad del servicio el\u00e9ctrico en uno de los periodos de mayor movilidad y actividad en la regi\u00f3n Caribe.<\/p>\n\n\n\n<p><strong>Este plan es clave para ofrecer tranquilidad a propios y visitantes<\/strong>, reforzar la infraestructura energ\u00e9tica ante una posible alta demanda y responder con agilidad a cualquier eventualidad que pudiera afectar el suministro. Afinia contin\u00faa consolidando su operaci\u00f3n con enfoque preventivo y de servicio para asegurar que el disfrute de la Semana Santa se viva sin interrupciones el\u00e9ctricas.<\/p>\n","protected":false},"excerpt":{"rendered":"<p>M\u00e1s de 800 colaboradores asegurar\u00e1n el servicio el\u00e9ctrico en zonas tur\u00edsticas durante Semana Santa<\/p>\n","protected":false},"author":2,"featured_media":3723,"comment_status":"closed","ping_status":"closed","sticky":false,"template":"","format":"standard","meta":{"om_disable_all_campaigns":false,"_monsterinsights_skip_tracking":false,"_monsterinsights_sitenote_active":false,"_monsterinsights_sitenote_note":"","_monsterinsights_sitenote_category":0,"footnotes":""},"categories":[103,102],"tags":[217],"class_list":["post-8975","post","type-post","status-publish","format-standard","has-post-thumbnail","hentry","category-economia","category-generales","tag-afinia"],"_links":{"self":[{"href":"https:\/\/cartagenaaldia.com\/index.php\/wp-json\/wp\/v2\/posts\/8975","targetHints":{"allow":["GET"]}}],"collection":[{"href":"https:\/\/cartagenaaldia.com\/index.php\/wp-json\/wp\/v2\/posts"}],"about":[{"href":"https:\/\/cartagenaaldia.com\/index.php\/wp-json\/wp\/v2\/types\/post"}],"author":[{"embeddable":true,"href":"https:\/\/cartagenaaldia.com\/index.php\/wp-json\/wp\/v2\/users\/2"}],"replies":[{"embeddable":true,"href":"https:\/\/cartagenaaldia.com\/index.php\/wp-json\/wp\/v2\/comments?post=8975"}],"version-history":[{"count":2,"href":"https:\/\/cartagenaaldia.com\/index.php\/wp-json\/wp\/v2\/posts\/8975\/revisions"}],"predecessor-version":[{"id":8977,"href":"https:\/\/cartagenaaldia.com\/index.php\/wp-json\/wp\/v2\/posts\/8975\/revisions\/8977"}],"wp:featuredmedia":[{"embeddable":true,"href":"https:\/\/cartagenaaldia.com\/index.php\/wp-json\/wp\/v2\/media\/3723"}],"wp:attachment":[{"href":"https:\/\/cartagenaaldia.com\/index.php\/wp-json\/wp\/v2\/media?parent=8975"}],"wp:term":[{"taxonomy":"category","embeddable":true,"href":"https:\/\/cartagenaaldia.com\/index.php\/wp-json\/wp\/v2\/categories?post=8975"},{"taxonomy":"post_tag","embeddable":true,"href":"https:\/\/cartagenaaldia.com\/index.php\/wp-json\/wp\/v2\/tags?post=8975"}],"curies":[{"name":"wp","href":"https:\/\/api.w.org\/{rel}","templated":true}]}}