{"id":8972,"date":"2025-04-11T20:06:38","date_gmt":"2025-04-12T01:06:38","guid":{"rendered":"https:\/\/cartagenaaldia.com\/?p=8972"},"modified":"2025-04-11T20:06:38","modified_gmt":"2025-04-12T01:06:38","slug":"aguas-de-cartagena-culmina-reparacion-de-tuberia-averiada-en-cerros-de-albornoz","status":"publish","type":"post","link":"https:\/\/cartagenaaldia.com\/index.php\/2025\/04\/11\/aguas-de-cartagena-culmina-reparacion-de-tuberia-averiada-en-cerros-de-albornoz\/","title":{"rendered":"Aguas de Cartagena culmina reparaci\u00f3n de tuber\u00eda averiada en Cerros de Albornoz"},"content":{"rendered":"\n<p><strong>Aguas de Cartagena finalizar\u00e1 este viernes 11 de abril las obras de reparaci\u00f3n<\/strong> del tramo averiado de la tuber\u00eda de agua cruda en el sector La Paz de Los Cerros de Albornoz. La emergencia oblig\u00f3 a la suspensi\u00f3n del servicio de acueducto al 37% de la ciudad.<\/p>\n\n\n\n<p><strong>Equipos t\u00e9cnicos de la empresa y contratistas trabajaron intensamente en la zona<\/strong>, caracterizada por su inestabilidad geol\u00f3gica. Para garantizar la seguridad del personal, se prepar\u00f3 el terreno a cuatro metros de profundidad, donde fue detectada la aver\u00eda. La soluci\u00f3n t\u00e9cnica incluye el acople de una uni\u00f3n flexible mec\u00e1nica que permitir\u00e1 reconectar la tuber\u00eda afectada.<\/p>\n\n\n\n<p>La red intervenida tiene un di\u00e1metro de 1.000 mil\u00edmetros y cumple la funci\u00f3n de transportar agua cruda desde la estaci\u00f3n de bombeo Albornoz hasta la planta de tratamiento El Bosque, desde donde se potabiliza y distribuye a la ciudad.<\/p>\n\n\n\n<p><strong>El restablecimiento del servicio de agua iniciar\u00e1 progresivamente desde la madrugada del s\u00e1bado 12 de abril<\/strong>, conforme avance el proceso de presurizaci\u00f3n y distribuci\u00f3n hacia los sectores afectados.<\/p>\n\n\n\n<p>El gerente general de Aguas de Cartagena, <strong>John Montoya Ca\u00f1as, agradeci\u00f3 a la ciudadan\u00eda por su paciencia<\/strong> y destac\u00f3 el acompa\u00f1amiento del Distrito, a trav\u00e9s de las Oficinas de Servicios P\u00fablicos, Gesti\u00f3n del Riesgo y otras dependencias, que brindaron apoyo log\u00edstico y operativo durante esta contingencia.<\/p>\n\n\n\n<p><strong>Esta intervenci\u00f3n reafirma el compromiso de la empresa con la atenci\u00f3n oportuna y segura de sus redes<\/strong>, incluso en condiciones dif\u00edciles del terreno. Tambi\u00e9n se refuerza la importancia de contar con planes de contingencia eficaces y el trabajo articulado con las autoridades locales para minimizar el impacto en la calidad de vida de los cartageneros.<\/p>\n","protected":false},"excerpt":{"rendered":"<p>Servicio de acueducto se restablecer\u00e1 gradualmente desde la madrugada del s\u00e1bado 12 de abril<\/p>\n","protected":false},"author":2,"featured_media":8974,"comment_status":"closed","ping_status":"closed","sticky":false,"template":"","format":"standard","meta":{"om_disable_all_campaigns":false,"_monsterinsights_skip_tracking":false,"_monsterinsights_sitenote_active":false,"_monsterinsights_sitenote_note":"","_monsterinsights_sitenote_category":0,"footnotes":""},"categories":[110,102],"tags":[247,248],"class_list":["post-8972","post","type-post","status-publish","format-standard","has-post-thumbnail","hentry","category-bolivar","category-generales","tag-acuacar","tag-aguas-de-cartagena"],"_links":{"self":[{"href":"https:\/\/cartagenaaldia.com\/index.php\/wp-json\/wp\/v2\/posts\/8972","targetHints":{"allow":["GET"]}}],"collection":[{"href":"https:\/\/cartagenaaldia.com\/index.php\/wp-json\/wp\/v2\/posts"}],"about":[{"href":"https:\/\/cartagenaaldia.com\/index.php\/wp-json\/wp\/v2\/types\/post"}],"author":[{"embeddable":true,"href":"https:\/\/cartagenaaldia.com\/index.php\/wp-json\/wp\/v2\/users\/2"}],"replies":[{"embeddable":true,"href":"https:\/\/cartagenaaldia.com\/index.php\/wp-json\/wp\/v2\/comments?post=8972"}],"version-history":[{"count":1,"href":"https:\/\/cartagenaaldia.com\/index.php\/wp-json\/wp\/v2\/posts\/8972\/revisions"}],"predecessor-version":[{"id":8973,"href":"https:\/\/cartagenaaldia.com\/index.php\/wp-json\/wp\/v2\/posts\/8972\/revisions\/8973"}],"wp:featuredmedia":[{"embeddable":true,"href":"https:\/\/cartagenaaldia.com\/index.php\/wp-json\/wp\/v2\/media\/8974"}],"wp:attachment":[{"href":"https:\/\/cartagenaaldia.com\/index.php\/wp-json\/wp\/v2\/media?parent=8972"}],"wp:term":[{"taxonomy":"category","embeddable":true,"href":"https:\/\/cartagenaaldia.com\/index.php\/wp-json\/wp\/v2\/categories?post=8972"},{"taxonomy":"post_tag","embeddable":true,"href":"https:\/\/cartagenaaldia.com\/index.php\/wp-json\/wp\/v2\/tags?post=8972"}],"curies":[{"name":"wp","href":"https:\/\/api.w.org\/{rel}","templated":true}]}}