{"id":8924,"date":"2025-04-07T12:42:36","date_gmt":"2025-04-07T17:42:36","guid":{"rendered":"https:\/\/cartagenaaldia.com\/?p=8924"},"modified":"2025-04-07T12:42:37","modified_gmt":"2025-04-07T17:42:37","slug":"aeropuerto-rafael-nunez-movilizara-185-mil-pasajeros-durante-semana-santa-en-cartagena","status":"publish","type":"post","link":"https:\/\/cartagenaaldia.com\/index.php\/2025\/04\/07\/aeropuerto-rafael-nunez-movilizara-185-mil-pasajeros-durante-semana-santa-en-cartagena\/","title":{"rendered":"Aeropuerto Rafael N\u00fa\u00f1ez movilizar\u00e1 185 mil pasajeros durante Semana Santa en Cartagena"},"content":{"rendered":"\n<p>El <strong>Aeropuerto Internacional Rafael N\u00fa\u00f1ez<\/strong> se prepara para <strong>recibir a m\u00e1s de 185 mil pasajeros<\/strong> durante la <strong>Semana Santa<\/strong>, consolid\u00e1ndose como uno de los principales puntos de entrada y salida de la regi\u00f3n Caribe. La estimaci\u00f3n fue dada a conocer por <strong>OINAC<\/strong>, operador de la terminal a\u00e9rea, que proyecta un crecimiento del <strong>7 % en comparaci\u00f3n con 2024<\/strong>, cuando se movilizaron 173.220 viajeros.<\/p>\n\n\n\n<p>Seg\u00fan el reporte, de esta cifra total, <strong>142.988 ser\u00e1n pasajeros nacionales<\/strong> y <strong>42.357 extranjeros<\/strong>, lo que refleja la fuerte din\u00e1mica tur\u00edstica que vive Cartagena durante la temporada alta de Semana Mayor. <strong>El mayor flujo de llegadas se espera para el martes santo<\/strong>, con <strong>12.794 pasajeros<\/strong>, mientras que <strong>la salida m\u00e1s masiva ser\u00e1 el domingo de Pascua<\/strong>, con <strong>14.856 viajeros<\/strong> dejando la ciudad.<\/p>\n\n\n\n<p>\u201c<strong>La Semana Santa es uno de los per\u00edodos m\u00e1s activos del a\u00f1o en t\u00e9rminos de desplazamientos tur\u00edsticos<\/strong> y el Aeropuerto Internacional Rafael N\u00fa\u00f1ez se encuentra listo para asumir este reto\u201d, expres\u00f3 <strong>Carlos Cuartas<\/strong>, gerente de concesi\u00f3n de OINAC. El directivo destac\u00f3 el papel estrat\u00e9gico de la terminal a\u00e9rea en la conectividad regional y nacional.<\/p>\n\n\n\n<p>Adem\u00e1s, Cuartas asegur\u00f3 que desde OINAC se trabaja para garantizar una experiencia fluida y agradable a cada viajero. \u201c<strong>Nuestro compromiso es con la conectividad a\u00e9rea de La Heroica<\/strong>, por eso reforzaremos todas las operaciones log\u00edsticas, de atenci\u00f3n y de seguridad durante esta temporada\u201d, agreg\u00f3.<\/p>\n\n\n\n<p>El aeropuerto implementar\u00e1 <strong>protocolos especiales para mejorar la atenci\u00f3n<\/strong> en puntos clave como <strong>check-in, migraci\u00f3n y entrega de equipaje<\/strong>, en aras de <strong>reducir los tiempos de espera y mejorar el flujo de pasajeros<\/strong>. Asimismo, se reforzar\u00e1 la <strong>presencia de personal de apoyo y se\u00f1alizaci\u00f3n<\/strong>, como parte del plan de contingencia para garantizar la mejor experiencia posible.<\/p>\n\n\n\n<p><strong>Cartagena reafirma su posici\u00f3n como destino preferido por turistas nacionales e internacionales<\/strong>, y su aeropuerto juega un papel protag\u00f3nico en este logro. La proyecci\u00f3n de crecimiento en la movilizaci\u00f3n a\u00e9rea es una muestra del <strong>atractivo tur\u00edstico y cultural que sigue posicionando a La Heroica como una joya del Caribe colombiano<\/strong>.<\/p>\n","protected":false},"excerpt":{"rendered":"<p>OINAC proyecta aumento del 7 % en tr\u00e1fico a\u00e9reo durante Semana Santa en Cartagena 2025<\/p>\n","protected":false},"author":2,"featured_media":8927,"comment_status":"closed","ping_status":"closed","sticky":false,"template":"","format":"standard","meta":{"om_disable_all_campaigns":false,"_monsterinsights_skip_tracking":false,"_monsterinsights_sitenote_active":false,"_monsterinsights_sitenote_note":"","_monsterinsights_sitenote_category":0,"footnotes":""},"categories":[103,102,104],"tags":[461,348,368,440],"class_list":["post-8924","post","type-post","status-publish","format-standard","has-post-thumbnail","hentry","category-economia","category-generales","category-turismo","tag-aerocivil","tag-aeropuerto-internacional-rafael-nunez","tag-mintransporte","tag-oinac"],"_links":{"self":[{"href":"https:\/\/cartagenaaldia.com\/index.php\/wp-json\/wp\/v2\/posts\/8924","targetHints":{"allow":["GET"]}}],"collection":[{"href":"https:\/\/cartagenaaldia.com\/index.php\/wp-json\/wp\/v2\/posts"}],"about":[{"href":"https:\/\/cartagenaaldia.com\/index.php\/wp-json\/wp\/v2\/types\/post"}],"author":[{"embeddable":true,"href":"https:\/\/cartagenaaldia.com\/index.php\/wp-json\/wp\/v2\/users\/2"}],"replies":[{"embeddable":true,"href":"https:\/\/cartagenaaldia.com\/index.php\/wp-json\/wp\/v2\/comments?post=8924"}],"version-history":[{"count":2,"href":"https:\/\/cartagenaaldia.com\/index.php\/wp-json\/wp\/v2\/posts\/8924\/revisions"}],"predecessor-version":[{"id":8926,"href":"https:\/\/cartagenaaldia.com\/index.php\/wp-json\/wp\/v2\/posts\/8924\/revisions\/8926"}],"wp:featuredmedia":[{"embeddable":true,"href":"https:\/\/cartagenaaldia.com\/index.php\/wp-json\/wp\/v2\/media\/8927"}],"wp:attachment":[{"href":"https:\/\/cartagenaaldia.com\/index.php\/wp-json\/wp\/v2\/media?parent=8924"}],"wp:term":[{"taxonomy":"category","embeddable":true,"href":"https:\/\/cartagenaaldia.com\/index.php\/wp-json\/wp\/v2\/categories?post=8924"},{"taxonomy":"post_tag","embeddable":true,"href":"https:\/\/cartagenaaldia.com\/index.php\/wp-json\/wp\/v2\/tags?post=8924"}],"curies":[{"name":"wp","href":"https:\/\/api.w.org\/{rel}","templated":true}]}}