{"id":8859,"date":"2025-04-02T17:08:10","date_gmt":"2025-04-02T22:08:10","guid":{"rendered":"https:\/\/cartagenaaldia.com\/?p=8859"},"modified":"2025-04-02T17:08:10","modified_gmt":"2025-04-02T22:08:10","slug":"el-sector-de-logistica-zonas-francas-y-puertos-es-la-columna-vertebral-de-las-operaciones-de-colombia-andi","status":"publish","type":"post","link":"https:\/\/cartagenaaldia.com\/index.php\/2025\/04\/02\/el-sector-de-logistica-zonas-francas-y-puertos-es-la-columna-vertebral-de-las-operaciones-de-colombia-andi\/","title":{"rendered":"El sector de Log\u00edstica, Zonas Francas y Puertos es la columna vertebral de las operaciones de Colombia: ANDI"},"content":{"rendered":"\n<p>Hoy se dio inicio al 8\u00b0. Congreso Integrado de Log\u00edstica, Zonas Francas y Puertos de la ANDI en Cartagena. Con la asistencia de m\u00e1s de 450 representantes de estos sectores, se dio apertura al di\u00e1logo sobre la convergencia del Estado y el empresariado en la generaci\u00f3n de confianza para promover la inversi\u00f3n.<\/p>\n\n\n\n<p>Bruce Mac Master, presidente de la ANDI, hizo un an\u00e1lisis sobre el impacto que tienen cada uno de estos renglones de la econom\u00eda en el pa\u00eds. Destac\u00f3, por ejemplo, que en las 115 zonas francas ubicadas en el territorio nacional donde hay m\u00e1s de 1.000 empresas, se generan m\u00e1s de 182.000 empleos.<\/p>\n\n\n\n<p>Adem\u00e1s, las zonas francas tienen una participaci\u00f3n del 5,9% en las exportaciones de Colombia, dentro de lo que se destacan la venta de calzado; productos agropecuarios, bebidas y alimentos; y productos qu\u00edmicos. As\u00ed mismo, se subraya que en 2024 las exportaciones no minero energ\u00e9ticas logradas desde las zonas francas sumaron m\u00e1s de US$2.100 millones, y las exportaciones de servicios alcanzaron los US$370 millones.<\/p>\n\n\n\n<p>De otro lado, Mac Master indic\u00f3 que \u201cColombia ha logrado tener puertos incre\u00edblemente operativos, eficientes y competitivos. Durante los \u00faltimos 30 a\u00f1os hemos construido un ecosistema notable de puertos a nivel mundial, pero sin certidumbre jur\u00eddica e institucional, no habr\u00e1 incentivos suficientes para atraer inversiones en el sector portuario\u201d.<\/p>\n\n\n\n<p>En concreto, resalt\u00f3 que el puerto de Cartagena ocupa el tercer lugar en el ranking a nivel mundial, el de Buenaventura el lugar n\u00famero 44, el de Santa Marta el 138 y el de Barranquilla el 150. Adem\u00e1s, este sector genera m\u00e1s de 22.000 empleos directos e indirectos y se calcula que el 100% de las exportaciones que se hacen en Colombia, el 96% salen por los puertos.<\/p>\n\n\n\n<p>El presidente de la ANDI termin\u00f3 su presentaci\u00f3n con un mensaje importante donde coment\u00f3 \u201cel sector de log\u00edstica, zonas francas y puertos es la columna vertebral de las operaciones de Colombia. Este escenario se cre\u00f3 para para discutir c\u00f3mo ser m\u00e1s eficientes y contribuir a que Colombia genere mayor prosperidad&#8221;, concluy\u00f3 Bruce Mac Master.<\/p>\n\n\n\n<p>La jornada de instalaci\u00f3n tambi\u00e9n cont\u00f3 con la participaci\u00f3n del director de la DIAN, Luis Eduardo Llin\u00e1s Chica, quien habl\u00f3 sobre la importancia del acercamiento con diferentes gremios de la econom\u00eda para tener un sistema de aduanas, moderno y \u00e1gil, que se facilite para el comercio internacional. En el espacio tambi\u00e9n se entreg\u00f3 el Premio a la Mujer&nbsp;Sobresaliente en el Sector Mar\u00edtimo y&nbsp;Portuario y a las empresas de larga trayectoria en el sector. Se galardonaron a Eliana Zapateiro, de la Sociedad Portuaria Puerto Bah\u00eda; Daniela Cort\u00e9s, de Algranel S.A; y a Federica Noli, de la Sociedad Portuaria Puerto Bah\u00eda. Tambi\u00e9n recibi\u00f3 reconocimiento por su iniciativa empresarial de equidad de g\u00e9nero la Sociedad Portuaria Regional Buenaventura.<\/p>\n","protected":false},"excerpt":{"rendered":"<p>El Congreso es un espacio de reflexi\u00f3n y construcci\u00f3n conjunta que aborda la tem\u00e1tica central: \u201cConvergencia del Estado y el sector empresarial en la generaci\u00f3n de confianza para la inversi\u00f3n en log\u00edstica, zonas francas y puertos\u201d<\/p>\n","protected":false},"author":2,"featured_media":8861,"comment_status":"closed","ping_status":"closed","sticky":false,"template":"","format":"standard","meta":{"om_disable_all_campaigns":false,"_monsterinsights_skip_tracking":false,"_monsterinsights_sitenote_active":false,"_monsterinsights_sitenote_note":"","_monsterinsights_sitenote_category":0,"footnotes":""},"categories":[103,102],"tags":[222],"class_list":["post-8859","post","type-post","status-publish","format-standard","has-post-thumbnail","hentry","category-economia","category-generales","tag-andi"],"_links":{"self":[{"href":"https:\/\/cartagenaaldia.com\/index.php\/wp-json\/wp\/v2\/posts\/8859","targetHints":{"allow":["GET"]}}],"collection":[{"href":"https:\/\/cartagenaaldia.com\/index.php\/wp-json\/wp\/v2\/posts"}],"about":[{"href":"https:\/\/cartagenaaldia.com\/index.php\/wp-json\/wp\/v2\/types\/post"}],"author":[{"embeddable":true,"href":"https:\/\/cartagenaaldia.com\/index.php\/wp-json\/wp\/v2\/users\/2"}],"replies":[{"embeddable":true,"href":"https:\/\/cartagenaaldia.com\/index.php\/wp-json\/wp\/v2\/comments?post=8859"}],"version-history":[{"count":1,"href":"https:\/\/cartagenaaldia.com\/index.php\/wp-json\/wp\/v2\/posts\/8859\/revisions"}],"predecessor-version":[{"id":8860,"href":"https:\/\/cartagenaaldia.com\/index.php\/wp-json\/wp\/v2\/posts\/8859\/revisions\/8860"}],"wp:featuredmedia":[{"embeddable":true,"href":"https:\/\/cartagenaaldia.com\/index.php\/wp-json\/wp\/v2\/media\/8861"}],"wp:attachment":[{"href":"https:\/\/cartagenaaldia.com\/index.php\/wp-json\/wp\/v2\/media?parent=8859"}],"wp:term":[{"taxonomy":"category","embeddable":true,"href":"https:\/\/cartagenaaldia.com\/index.php\/wp-json\/wp\/v2\/categories?post=8859"},{"taxonomy":"post_tag","embeddable":true,"href":"https:\/\/cartagenaaldia.com\/index.php\/wp-json\/wp\/v2\/tags?post=8859"}],"curies":[{"name":"wp","href":"https:\/\/api.w.org\/{rel}","templated":true}]}}