{"id":8796,"date":"2025-03-30T13:14:02","date_gmt":"2025-03-30T18:14:02","guid":{"rendered":"https:\/\/cartagenaaldia.com\/?p=8796"},"modified":"2025-03-30T13:14:02","modified_gmt":"2025-03-30T18:14:02","slug":"el-liderazgo-femenino-transforma-realidades-asi-se-vivio-el-vii-foro-de-mujeres-emprendedoras-en-cartagena","status":"publish","type":"post","link":"https:\/\/cartagenaaldia.com\/index.php\/2025\/03\/30\/el-liderazgo-femenino-transforma-realidades-asi-se-vivio-el-vii-foro-de-mujeres-emprendedoras-en-cartagena\/","title":{"rendered":"\u201cEl liderazgo femenino transforma realidades\u201d: as\u00ed se vivi\u00f3 el VII Foro de Mujeres Emprendedoras en Cartagena"},"content":{"rendered":"\n<p>Con una tarde cargada de inspiraci\u00f3n, aprendizaje y conexi\u00f3n, la C\u00e1mara de Comercio de Cartagena celebr\u00f3 con \u00e9xito la s\u00e9ptima edici\u00f3n del Foro Mujeres Emprendedoras: Empoderamiento y Liderazgo en Tiempos de Cambio, un espacio que exalt\u00f3 el poder transformador del liderazgo femenino en el desarrollo econ\u00f3mico y social de Cartagena y Bol\u00edvar.<\/p>\n\n\n\n<p>El evento se llev\u00f3 a cabo en el Centro Comercial Caribe Plaza y reuni\u00f3 a m\u00e1s de 200 asistentes entre emprendedoras, empresarias, l\u00edderes del sector p\u00fablico y privado, quienes vivieron una jornada de reflexiones profundas, intercambio de experiencias y oportunidades de negocio. \u201cEl liderazgo femenino transforma realidades. Nos impulsa a crear desde el amor, la resiliencia y la visi\u00f3n de futuro\u201d, expres\u00f3 Viena Ruiz, reconocida actriz y presentadora, durante su intervenci\u00f3n en el conversatorio central.<\/p>\n\n\n\n<p>Desde su creaci\u00f3n en 2018, el Foro de Mujeres Emprendedoras se ha consolidado como un referente en la regi\u00f3n, impactando a m\u00e1s de 2.000 mujeres a lo largo de sus siete ediciones. Este encuentro anual ha sido clave en la promoci\u00f3n de la equidad, la autonom\u00eda econ\u00f3mica y el reconocimiento del talento femenino como motor de desarrollo.<\/p>\n\n\n\n<p>Como parte del compromiso continuo con el emprendimiento con enfoque de g\u00e9nero, se anunci\u00f3 oficialmente el lanzamiento de la Ruta de Emprendimiento de Mujeres Cartagena 2025, que este a\u00f1o se extender\u00e1 nuevamente al municipio de Calamar. A trav\u00e9s de esta iniciativa, la C\u00e1mara de Comercio de Cartagena ha acompa\u00f1ado a m\u00e1s de 600 mujeres con formaci\u00f3n, asesor\u00eda y mentor\u00eda especializada, generando m\u00e1s de 600 autoempleos sostenibles y fortaleciendo emprendimientos en sectores como comercio, moda, gastronom\u00eda, artesan\u00edas y m\u00e1s.<\/p>\n\n\n\n<p>Uno de los momentos m\u00e1s especiales del foro fue la muestra comercial, en la que emprendedoras participantes visibilizaron sus productos y servicios, conectando con nuevos p\u00fablicos y generando oportunidades reales de crecimiento.<\/p>\n\n\n\n<p>El evento cont\u00f3 con la presencia de destacadas l\u00edderes como la Dra. Nidia Pital\u00faa, presidenta de la Junta Directiva de la C\u00e1mara de Comercio de Cartagena; la Sra. Viena Ruiz; el Sr. C\u00e9sar Guerra, gerente del Centro Comercial Caribe Plaza; y la Sra. Johanna Ordosgoitia, directora de Asuntos para la Mujer de la Alcald\u00eda de Cartagena.<\/p>\n\n\n\n<p>Este foro reafirma la apuesta de la C\u00e1mara de Comercio de Cartagena por un ecosistema empresarial m\u00e1s inclusivo, donde las mujeres no solo participan, sino que lideran. A trav\u00e9s de iniciativas como esta, se siguen tejiendo redes de confianza, sororidad y crecimiento colectivo que impulsan el desarrollo de Bol\u00edvar y del pa\u00eds.<\/p>\n\n\n\n<p>\u00a1Gracias a todas las mujeres que hacen parte de este camino y a nuestros aliados por creer y construir juntos un futuro con equidad!<\/p>\n\n\n\n<figure class=\"wp-block-embed is-type-video is-provider-youtube wp-block-embed-youtube wp-embed-aspect-16-9 wp-has-aspect-ratio\"><div class=\"wp-block-embed__wrapper\">\n<iframe title=\"\ud83d\ude80Empoderamiento y liderazgo femenino brillan en el S\u00e9ptimo Foro Mujer\" width=\"500\" height=\"281\" src=\"https:\/\/www.youtube.com\/embed\/mzUSe6965AE?feature=oembed\" frameborder=\"0\" allow=\"accelerometer; autoplay; clipboard-write; encrypted-media; gyroscope; picture-in-picture; web-share\" referrerpolicy=\"strict-origin-when-cross-origin\" allowfullscreen><\/iframe>\n<\/div><\/figure>\n\n\n\n<p><\/p>\n","protected":false},"excerpt":{"rendered":"<p>C\u00e1mara de Comercio de Cartagena celebr\u00f3 con \u00e9xito la s\u00e9ptima edici\u00f3n del Foro Mujeres Emprendedoras: Empoderamiento y Liderazgo en Tiempos de Cambio<\/p>\n","protected":false},"author":2,"featured_media":8799,"comment_status":"closed","ping_status":"closed","sticky":false,"template":"","format":"standard","meta":{"om_disable_all_campaigns":false,"_monsterinsights_skip_tracking":false,"_monsterinsights_sitenote_active":false,"_monsterinsights_sitenote_note":"","_monsterinsights_sitenote_category":0,"footnotes":""},"categories":[103,102],"tags":[428,120,687],"class_list":["post-8796","post","type-post","status-publish","format-standard","has-post-thumbnail","hentry","category-economia","category-generales","tag-camara-cartagena","tag-camara-comercio-cartagena","tag-caribe-plaza"],"_links":{"self":[{"href":"https:\/\/cartagenaaldia.com\/index.php\/wp-json\/wp\/v2\/posts\/8796","targetHints":{"allow":["GET"]}}],"collection":[{"href":"https:\/\/cartagenaaldia.com\/index.php\/wp-json\/wp\/v2\/posts"}],"about":[{"href":"https:\/\/cartagenaaldia.com\/index.php\/wp-json\/wp\/v2\/types\/post"}],"author":[{"embeddable":true,"href":"https:\/\/cartagenaaldia.com\/index.php\/wp-json\/wp\/v2\/users\/2"}],"replies":[{"embeddable":true,"href":"https:\/\/cartagenaaldia.com\/index.php\/wp-json\/wp\/v2\/comments?post=8796"}],"version-history":[{"count":2,"href":"https:\/\/cartagenaaldia.com\/index.php\/wp-json\/wp\/v2\/posts\/8796\/revisions"}],"predecessor-version":[{"id":8798,"href":"https:\/\/cartagenaaldia.com\/index.php\/wp-json\/wp\/v2\/posts\/8796\/revisions\/8798"}],"wp:featuredmedia":[{"embeddable":true,"href":"https:\/\/cartagenaaldia.com\/index.php\/wp-json\/wp\/v2\/media\/8799"}],"wp:attachment":[{"href":"https:\/\/cartagenaaldia.com\/index.php\/wp-json\/wp\/v2\/media?parent=8796"}],"wp:term":[{"taxonomy":"category","embeddable":true,"href":"https:\/\/cartagenaaldia.com\/index.php\/wp-json\/wp\/v2\/categories?post=8796"},{"taxonomy":"post_tag","embeddable":true,"href":"https:\/\/cartagenaaldia.com\/index.php\/wp-json\/wp\/v2\/tags?post=8796"}],"curies":[{"name":"wp","href":"https:\/\/api.w.org\/{rel}","templated":true}]}}