{"id":8708,"date":"2025-03-20T16:37:59","date_gmt":"2025-03-20T21:37:59","guid":{"rendered":"https:\/\/cartagenaaldia.com\/?p=8708"},"modified":"2025-03-20T16:38:00","modified_gmt":"2025-03-20T21:38:00","slug":"gobierno-no-presupuesto-subsidios-energeticos-2025-tarifas-subirian-hasta-80","status":"publish","type":"post","link":"https:\/\/cartagenaaldia.com\/index.php\/2025\/03\/20\/gobierno-no-presupuesto-subsidios-energeticos-2025-tarifas-subirian-hasta-80\/","title":{"rendered":"Gobierno no presupuest\u00f3 subsidios energ\u00e9ticos 2025, tarifas subir\u00edan hasta 80%"},"content":{"rendered":"\n<p>El <strong>Gobierno Nacional no incluy\u00f3 en el Presupuesto General de la Naci\u00f3n 2025<\/strong> los recursos para los subsidios de energ\u00eda dirigidos a los estratos 1, 2 y 3 as\u00ed lo dijo Jos\u00e9 David Name Senador de la Republica de Colombia en el <strong>14\u00b0 Colombia Genera 2025 de la ANDI<\/strong>. Esta situaci\u00f3n obliga a la administraci\u00f3n a presentar en los pr\u00f3ximos meses un <strong>proyecto de adici\u00f3n presupuestal<\/strong> ante el Congreso de la Rep\u00fablica.<\/p>\n\n\n\n<p>De no aprobarse esta adici\u00f3n, millones de hogares vulnerables en el pa\u00eds enfrentar\u00e1n un <strong>incremento tarifario del 70% al 80%<\/strong>, lo que afectar\u00eda gravemente su econom\u00eda. El impacto se extender\u00eda al sector energ\u00e9tico, generando una crisis financiera en las empresas que dependen de estos subsidios para mantener su operaci\u00f3n.<\/p>\n\n\n\n<p><strong>Crisis financiera para empresas de energ\u00eda<\/strong><\/p>\n\n\n\n<p>La falta de estos recursos <strong>no solo perjudica a los usuarios<\/strong>, sino que tambi\u00e9n agrava la situaci\u00f3n financiera de las empresas de energ\u00eda, muchas de las cuales son de propiedad estatal. Entre ellas se encuentran <strong>las empresas de energ\u00eda de Choc\u00f3, Vichada, Meta, Putumayo, Caldas, Caquet\u00e1 y Huila<\/strong>, entre otras.<\/p>\n\n\n\n<p>El riesgo para estas compa\u00f1\u00edas es significativo, ya que <strong>no contar con el subsidio es m\u00e1s grave que simplemente adeudarlo<\/strong>. Mientras una deuda puede ser saldada en el futuro, la ausencia de presupuesto significa que los pagos no est\u00e1n contemplados, lo que dificulta la planificaci\u00f3n financiera y la sostenibilidad del servicio.<\/p>\n\n\n\n<p><strong>\u00bfQu\u00e9 viene ahora?<\/strong><\/p>\n\n\n\n<p>El Gobierno tiene <strong>pocos meses para presentar y gestionar la adici\u00f3n presupuestal<\/strong> en el Congreso. Sin esta medida, los hogares m\u00e1s vulnerables del pa\u00eds enfrentar\u00e1n <strong>facturas de energ\u00eda impagables<\/strong>, y el sector el\u00e9ctrico entrar\u00e1 en una crisis mayor.<\/p>\n\n\n\n<p>Las empresas de energ\u00eda, en su mayor\u00eda con participaci\u00f3n estatal, podr\u00edan ver afectadas sus operaciones, lo que pondr\u00eda en riesgo la prestaci\u00f3n del servicio en varias regiones del pa\u00eds.<\/p>\n\n\n\n<p>La decisi\u00f3n ahora est\u00e1 en manos del Gobierno y del Congreso, quienes deber\u00e1n actuar con rapidez para evitar que <strong>millones de colombianos<\/strong> sufran las consecuencias de esta falta de previsi\u00f3n en el presupuesto.<\/p>\n","protected":false},"excerpt":{"rendered":"<p>El Congreso debe aprobar una adici\u00f3n presupuestal para evitar alzas en estratos 1, 2 y 3<\/p>\n","protected":false},"author":2,"featured_media":8709,"comment_status":"closed","ping_status":"closed","sticky":false,"template":"","format":"standard","meta":{"om_disable_all_campaigns":false,"_monsterinsights_skip_tracking":false,"_monsterinsights_sitenote_active":false,"_monsterinsights_sitenote_note":"","_monsterinsights_sitenote_category":0,"footnotes":""},"categories":[115,103,102],"tags":[222,711,712],"class_list":["post-8708","post","type-post","status-publish","format-standard","has-post-thumbnail","hentry","category-colombia","category-economia","category-generales","tag-andi","tag-colombia-genera","tag-hs-jose-david-name"],"_links":{"self":[{"href":"https:\/\/cartagenaaldia.com\/index.php\/wp-json\/wp\/v2\/posts\/8708","targetHints":{"allow":["GET"]}}],"collection":[{"href":"https:\/\/cartagenaaldia.com\/index.php\/wp-json\/wp\/v2\/posts"}],"about":[{"href":"https:\/\/cartagenaaldia.com\/index.php\/wp-json\/wp\/v2\/types\/post"}],"author":[{"embeddable":true,"href":"https:\/\/cartagenaaldia.com\/index.php\/wp-json\/wp\/v2\/users\/2"}],"replies":[{"embeddable":true,"href":"https:\/\/cartagenaaldia.com\/index.php\/wp-json\/wp\/v2\/comments?post=8708"}],"version-history":[{"count":1,"href":"https:\/\/cartagenaaldia.com\/index.php\/wp-json\/wp\/v2\/posts\/8708\/revisions"}],"predecessor-version":[{"id":8710,"href":"https:\/\/cartagenaaldia.com\/index.php\/wp-json\/wp\/v2\/posts\/8708\/revisions\/8710"}],"wp:featuredmedia":[{"embeddable":true,"href":"https:\/\/cartagenaaldia.com\/index.php\/wp-json\/wp\/v2\/media\/8709"}],"wp:attachment":[{"href":"https:\/\/cartagenaaldia.com\/index.php\/wp-json\/wp\/v2\/media?parent=8708"}],"wp:term":[{"taxonomy":"category","embeddable":true,"href":"https:\/\/cartagenaaldia.com\/index.php\/wp-json\/wp\/v2\/categories?post=8708"},{"taxonomy":"post_tag","embeddable":true,"href":"https:\/\/cartagenaaldia.com\/index.php\/wp-json\/wp\/v2\/tags?post=8708"}],"curies":[{"name":"wp","href":"https:\/\/api.w.org\/{rel}","templated":true}]}}