{"id":8685,"date":"2025-03-19T23:52:24","date_gmt":"2025-03-20T04:52:24","guid":{"rendered":"https:\/\/cartagenaaldia.com\/?p=8685"},"modified":"2025-03-19T23:52:24","modified_gmt":"2025-03-20T04:52:24","slug":"camara-de-comercio-de-cartagena-lanza-ruta-de-internacionalizacion-2025-para-empresarios-locales","status":"publish","type":"post","link":"https:\/\/cartagenaaldia.com\/index.php\/2025\/03\/19\/camara-de-comercio-de-cartagena-lanza-ruta-de-internacionalizacion-2025-para-empresarios-locales\/","title":{"rendered":"C\u00e1mara de Comercio de Cartagena lanza Ruta de Internacionalizaci\u00f3n 2025 para empresarios locales"},"content":{"rendered":"\n<p><strong>Sala Redacci\u00f3n. &#8211; <\/strong>La C\u00e1mara de Comercio de Cartagena lanz\u00f3 la Ruta de Internacionalizaci\u00f3n 2025 con el prop\u00f3sito de fortalecer la presencia global de las empresas de Bol\u00edvar. Este programa estrat\u00e9gico facilitar\u00e1 la incursi\u00f3n de m\u00e1s compa\u00f1\u00edas en mercados internacionales y ampliar\u00e1 la base exportadora de la regi\u00f3n.<\/p>\n\n\n\n<p>El evento de lanzamiento reuni\u00f3 a l\u00edderes empresariales, autoridades locales y expertos en comercio exterior, quienes resaltaron la importancia de la internacionalizaci\u00f3n como motor de crecimiento econ\u00f3mico y sostenibilidad. Actualmente, en Colombia, solo 400 empresas concentran el 90% de las exportaciones. En Bol\u00edvar, aunque 400 compa\u00f1\u00edas realizaron exportaciones en 2024, el 98% de ellas se concentr\u00f3 en solo 20 firmas.<\/p>\n\n\n\n<p>La Ruta de Internacionalizaci\u00f3n 2025 ofrecer\u00e1 sensibilizaciones mensuales para identificar oportunidades comerciales, asistencia t\u00e9cnica personalizada para desarrollar planes de exportaci\u00f3n, participaci\u00f3n en ferias y misiones comerciales, y alianzas estrat\u00e9gicas con actores clave del ecosistema exportador. Los sectores priorizados incluyen alimentos y bebidas, materiales de construcci\u00f3n, sistema moda, qu\u00edmicos y cuidado personal, industria naval, mantenimiento industrial, servicios tecnol\u00f3gicos y digitales, e industrias culturales y creativas.<\/p>\n\n\n\n<p>Con esta iniciativa, la C\u00e1mara de Comercio de Cartagena espera impactar a m\u00e1s de 120 empresas con sensibilizaciones, 20 con asistencia t\u00e9cnica y 30 con inmersiones comerciales en mercados internacionales. Adem\u00e1s, se busca incrementar la presencia de empresarios locales en eventos globales y fortalecer sus capacidades para competir en el comercio internacional.<\/p>\n\n\n\n<p>Los interesados en inscribirse en el programa pueden visitar la p\u00e1gina web de la <a href=\"https:\/\/www.cccartagena.org.co\/\" target=\"_blank\" rel=\"noreferrer noopener\">C\u00e1mara de Comercio de Cartagena<\/a> o acercarse a sus oficinas para recibir m\u00e1s informaci\u00f3n.<\/p>\n\n\n\n<figure class=\"wp-block-gallery has-nested-images columns-default is-cropped wp-block-gallery-1 is-layout-flex wp-block-gallery-is-layout-flex\">\n<figure class=\"wp-block-image size-large\"><img fetchpriority=\"high\" decoding=\"async\" width=\"1024\" height=\"682\" data-id=\"8698\" src=\"https:\/\/cartagenaaldia.com\/wp-content\/uploads\/2025\/03\/Camara-Cartagena-Internacionalizacion-9-1-1024x682.webp\" alt=\"\" class=\"wp-image-8698\"\/><\/figure>\n\n\n\n<figure class=\"wp-block-image size-large\"><img decoding=\"async\" width=\"1024\" height=\"683\" data-id=\"8697\" src=\"https:\/\/cartagenaaldia.com\/wp-content\/uploads\/2025\/03\/Camara-Cartagena-Internacionalizacion-11-1024x683.webp\" alt=\"\" class=\"wp-image-8697\"\/><\/figure>\n\n\n\n<figure class=\"wp-block-image size-large\"><img decoding=\"async\" width=\"1024\" height=\"683\" data-id=\"8699\" src=\"https:\/\/cartagenaaldia.com\/wp-content\/uploads\/2025\/03\/Camara-Cartagena-Internacionalizacion-10-1-1024x683.webp\" alt=\"\" class=\"wp-image-8699\"\/><\/figure>\n\n\n\n<figure class=\"wp-block-image size-large\"><img loading=\"lazy\" decoding=\"async\" width=\"1024\" height=\"683\" data-id=\"8700\" src=\"https:\/\/cartagenaaldia.com\/wp-content\/uploads\/2025\/03\/Camara-Cartagena-Internacionalizacion-6-1-1024x683.webp\" alt=\"\" class=\"wp-image-8700\"\/><\/figure>\n\n\n\n<figure class=\"wp-block-image size-large\"><img loading=\"lazy\" decoding=\"async\" width=\"1024\" height=\"683\" data-id=\"8695\" src=\"https:\/\/cartagenaaldia.com\/wp-content\/uploads\/2025\/03\/Camara-Cartagena-Internacionalizacion-4-1024x683.webp\" alt=\"\" class=\"wp-image-8695\"\/><\/figure>\n\n\n\n<figure class=\"wp-block-image size-large\"><img loading=\"lazy\" decoding=\"async\" width=\"1024\" height=\"683\" data-id=\"8691\" src=\"https:\/\/cartagenaaldia.com\/wp-content\/uploads\/2025\/03\/Camara-Cartagena-Internacionalizacion-3-1024x683.webp\" alt=\"\" class=\"wp-image-8691\"\/><\/figure>\n\n\n\n<figure class=\"wp-block-image size-large\"><img loading=\"lazy\" decoding=\"async\" width=\"1024\" height=\"683\" data-id=\"8687\" src=\"https:\/\/cartagenaaldia.com\/wp-content\/uploads\/2025\/03\/Camara-Cartagena-Internacionalizacion-8-1024x683.webp\" alt=\"\" class=\"wp-image-8687\"\/><\/figure>\n\n\n\n<figure class=\"wp-block-image size-large\"><img loading=\"lazy\" decoding=\"async\" width=\"1024\" height=\"683\" data-id=\"8696\" src=\"https:\/\/cartagenaaldia.com\/wp-content\/uploads\/2025\/03\/Camara-Cartagena-Internacionalizacion-5-1024x683.webp\" alt=\"\" class=\"wp-image-8696\"\/><\/figure>\n\n\n\n<figure class=\"wp-block-image size-large\"><img loading=\"lazy\" decoding=\"async\" width=\"1024\" height=\"683\" data-id=\"8692\" src=\"https:\/\/cartagenaaldia.com\/wp-content\/uploads\/2025\/03\/Camara-Cartagena-Internacionalizacion-7-1024x683.webp\" alt=\"\" class=\"wp-image-8692\"\/><\/figure>\n\n\n\n<figure class=\"wp-block-image size-large\"><img loading=\"lazy\" decoding=\"async\" width=\"1024\" height=\"683\" data-id=\"8701\" src=\"https:\/\/cartagenaaldia.com\/wp-content\/uploads\/2025\/03\/Camara-Cartagena-Internacionalizacion-2-1-1024x683.webp\" alt=\"\" class=\"wp-image-8701\"\/><\/figure>\n\n\n\n<figure class=\"wp-block-image size-large\"><img loading=\"lazy\" decoding=\"async\" width=\"1024\" height=\"640\" data-id=\"8702\" src=\"https:\/\/cartagenaaldia.com\/wp-content\/uploads\/2025\/03\/Camara-Cartagena-Internacionalizacion-12-1024x640.webp\" alt=\"\" class=\"wp-image-8702\"\/><\/figure>\n<\/figure>\n\n\n\n<figure class=\"wp-block-embed is-type-video is-provider-youtube wp-block-embed-youtube wp-embed-aspect-16-9 wp-has-aspect-ratio\"><div class=\"wp-block-embed__wrapper\">\n<iframe title=\"\ud83d\udce2 C\u00e1mara de Comercio de Cartagena y ANCHAM firman acuerdo para fortalecer exportaciones\" width=\"500\" height=\"281\" src=\"https:\/\/www.youtube.com\/embed\/fRthUHH2TOE?feature=oembed\" frameborder=\"0\" allow=\"accelerometer; autoplay; clipboard-write; encrypted-media; gyroscope; picture-in-picture; web-share\" referrerpolicy=\"strict-origin-when-cross-origin\" allowfullscreen><\/iframe>\n<\/div><\/figure>\n\n\n\n<figure class=\"wp-block-embed is-type-video is-provider-youtube wp-block-embed-youtube wp-embed-aspect-16-9 wp-has-aspect-ratio\"><div class=\"wp-block-embed__wrapper\">\n<iframe title=\"Ruta de Internacionalizaci\u00f3n: Conectando Asia y Am\u00e9rica Latina a trav\u00e9s de Cartagena\" width=\"500\" height=\"281\" src=\"https:\/\/www.youtube.com\/embed\/UYi2FYWavE0?feature=oembed\" frameborder=\"0\" allow=\"accelerometer; autoplay; clipboard-write; encrypted-media; gyroscope; picture-in-picture; web-share\" referrerpolicy=\"strict-origin-when-cross-origin\" allowfullscreen><\/iframe>\n<\/div><\/figure>\n\n\n\n<figure class=\"wp-block-embed is-type-video is-provider-youtube wp-block-embed-youtube wp-embed-aspect-16-9 wp-has-aspect-ratio\"><div class=\"wp-block-embed__wrapper\">\n<iframe title=\"Ruta de Internacionalizaci\u00f3n: Impulsando las exportaciones de Cartagena y Bol\u00edvar\" width=\"500\" height=\"281\" src=\"https:\/\/www.youtube.com\/embed\/JAWLGeZ5chs?feature=oembed\" frameborder=\"0\" allow=\"accelerometer; autoplay; clipboard-write; encrypted-media; gyroscope; picture-in-picture; web-share\" referrerpolicy=\"strict-origin-when-cross-origin\" allowfullscreen><\/iframe>\n<\/div><\/figure>\n","protected":false},"excerpt":{"rendered":"<p>El programa fortalecer\u00e1 exportaciones y abrir\u00e1 oportunidades globales para m\u00e1s empresas de Bol\u00edvar<\/p>\n","protected":false},"author":2,"featured_media":8686,"comment_status":"closed","ping_status":"closed","sticky":false,"template":"","format":"standard","meta":{"om_disable_all_campaigns":false,"_monsterinsights_skip_tracking":false,"_monsterinsights_sitenote_active":false,"_monsterinsights_sitenote_note":"","_monsterinsights_sitenote_category":0,"footnotes":""},"categories":[110,103,102],"tags":[428,120,495],"class_list":["post-8685","post","type-post","status-publish","format-standard","has-post-thumbnail","hentry","category-bolivar","category-economia","category-generales","tag-camara-cartagena","tag-camara-comercio-cartagena","tag-camaracartagena"],"_links":{"self":[{"href":"https:\/\/cartagenaaldia.com\/index.php\/wp-json\/wp\/v2\/posts\/8685","targetHints":{"allow":["GET"]}}],"collection":[{"href":"https:\/\/cartagenaaldia.com\/index.php\/wp-json\/wp\/v2\/posts"}],"about":[{"href":"https:\/\/cartagenaaldia.com\/index.php\/wp-json\/wp\/v2\/types\/post"}],"author":[{"embeddable":true,"href":"https:\/\/cartagenaaldia.com\/index.php\/wp-json\/wp\/v2\/users\/2"}],"replies":[{"embeddable":true,"href":"https:\/\/cartagenaaldia.com\/index.php\/wp-json\/wp\/v2\/comments?post=8685"}],"version-history":[{"count":2,"href":"https:\/\/cartagenaaldia.com\/index.php\/wp-json\/wp\/v2\/posts\/8685\/revisions"}],"predecessor-version":[{"id":8704,"href":"https:\/\/cartagenaaldia.com\/index.php\/wp-json\/wp\/v2\/posts\/8685\/revisions\/8704"}],"wp:featuredmedia":[{"embeddable":true,"href":"https:\/\/cartagenaaldia.com\/index.php\/wp-json\/wp\/v2\/media\/8686"}],"wp:attachment":[{"href":"https:\/\/cartagenaaldia.com\/index.php\/wp-json\/wp\/v2\/media?parent=8685"}],"wp:term":[{"taxonomy":"category","embeddable":true,"href":"https:\/\/cartagenaaldia.com\/index.php\/wp-json\/wp\/v2\/categories?post=8685"},{"taxonomy":"post_tag","embeddable":true,"href":"https:\/\/cartagenaaldia.com\/index.php\/wp-json\/wp\/v2\/tags?post=8685"}],"curies":[{"name":"wp","href":"https:\/\/api.w.org\/{rel}","templated":true}]}}