{"id":8670,"date":"2025-03-17T12:49:27","date_gmt":"2025-03-17T17:49:27","guid":{"rendered":"https:\/\/cartagenaaldia.com\/?p=8670"},"modified":"2025-03-17T13:00:45","modified_gmt":"2025-03-17T18:00:45","slug":"el-carmen-de-bolivar-inaugura-la-primera-cancha-azul-sintetica-publica-de-colombia","status":"publish","type":"post","link":"https:\/\/cartagenaaldia.com\/index.php\/2025\/03\/17\/el-carmen-de-bolivar-inaugura-la-primera-cancha-azul-sintetica-publica-de-colombia\/","title":{"rendered":"El Carmen de Bol\u00edvar inaugura la primera cancha azul sint\u00e9tica p\u00fablica de Colombia"},"content":{"rendered":"\n<p>El municipio de El Carmen de Bol\u00edvar celebr\u00f3 la inauguraci\u00f3n de la primera cancha azul sint\u00e9tica p\u00fablica de Colombia, un escenario deportivo avalado por la Federaci\u00f3n Colombiana de F\u00fatbol y la Dimayor. Esta obra convierte a la regi\u00f3n en un referente deportivo nacional e internacional.<\/p>\n\n\n\n<p>El gobernador de Bol\u00edvar, Yamil Arana, destac\u00f3 la importancia de este hito para el departamento. \u201cQueremos que el mundo empiece a mirar hacia Bol\u00edvar y hacia una zona rica en naturaleza y deporte como El Carmen de Bol\u00edvar\u201d, afirm\u00f3.<\/p>\n\n\n\n<p>Adem\u00e1s de la cancha 12 de Noviembre, la Gobernaci\u00f3n y el Instituto Departamental de Deportes (IDERBOL) avanzan en la recuperaci\u00f3n del estadio Julia Turbay, donde Real Cartagena disputar\u00e1 la Copa Colombia. La intervenci\u00f3n incluye la instalaci\u00f3n de nueva grama, mejoras en luminarias, camerinos, bancos y grader\u00edas.<\/p>\n\n\n\n<p>Ariel Zambrano, director de IDERBOL, anunci\u00f3 la recuperaci\u00f3n de la pista de patinaje del municipio, que ser\u00e1 inaugurada en diciembre. Tambi\u00e9n confirm\u00f3 la realizaci\u00f3n de los Juegos de los Montes de Mar\u00eda, como parte de una estrategia para fomentar el deporte social y aficionado en la regi\u00f3n.<\/p>\n\n\n\n<p>La apuesta por la recuperaci\u00f3n de escenarios deportivos en Bol\u00edvar es total. M\u00e1s de 22 espacios ser\u00e1n renovados, incluyendo el complejo Rocky Valdez en Cartagena, el Parque Punta Castillo y cinco estadios para s\u00f3ftbol y b\u00e9isbol menor. Adicionalmente, IDERBOL entregar\u00e1 una sorpresa en el estadio Jaime Mor\u00f3n Le\u00f3n antes del Sudamericano Sub 17.<\/p>\n\n\n\n<iframe src=\"https:\/\/widget.spreaker.com\/player?episode_id=64938853&#038;theme=light&#038;playlist=false&#038;playlist-continuous=false&#038;chapters-image=true&#038;episode_image_position=right&#038;hide-logo=false&#038;hide-likes=false&#038;hide-comments=false&#038;hide-sharing=false&#038;hide-download=true\" width=\"100%\" height=\"200px\" frameborder=\"0\"><\/iframe>\n","protected":false},"excerpt":{"rendered":"<p>Escenario avalado por la FCF y Dimayor impulsa el deporte en Montes de Mar\u00eda<\/p>\n","protected":false},"author":2,"featured_media":8671,"comment_status":"closed","ping_status":"closed","sticky":false,"template":"","format":"standard","meta":{"om_disable_all_campaigns":false,"_monsterinsights_skip_tracking":false,"_monsterinsights_sitenote_active":false,"_monsterinsights_sitenote_note":"","_monsterinsights_sitenote_category":0,"footnotes":""},"categories":[110,106,102],"tags":[707,380,136,264],"class_list":["post-8670","post","type-post","status-publish","format-standard","has-post-thumbnail","hentry","category-bolivar","category-deporte","category-generales","tag-ariel-zambrano","tag-gobernacion-bolivar","tag-iderbol","tag-yamil-arana"],"_links":{"self":[{"href":"https:\/\/cartagenaaldia.com\/index.php\/wp-json\/wp\/v2\/posts\/8670","targetHints":{"allow":["GET"]}}],"collection":[{"href":"https:\/\/cartagenaaldia.com\/index.php\/wp-json\/wp\/v2\/posts"}],"about":[{"href":"https:\/\/cartagenaaldia.com\/index.php\/wp-json\/wp\/v2\/types\/post"}],"author":[{"embeddable":true,"href":"https:\/\/cartagenaaldia.com\/index.php\/wp-json\/wp\/v2\/users\/2"}],"replies":[{"embeddable":true,"href":"https:\/\/cartagenaaldia.com\/index.php\/wp-json\/wp\/v2\/comments?post=8670"}],"version-history":[{"count":3,"href":"https:\/\/cartagenaaldia.com\/index.php\/wp-json\/wp\/v2\/posts\/8670\/revisions"}],"predecessor-version":[{"id":8675,"href":"https:\/\/cartagenaaldia.com\/index.php\/wp-json\/wp\/v2\/posts\/8670\/revisions\/8675"}],"wp:featuredmedia":[{"embeddable":true,"href":"https:\/\/cartagenaaldia.com\/index.php\/wp-json\/wp\/v2\/media\/8671"}],"wp:attachment":[{"href":"https:\/\/cartagenaaldia.com\/index.php\/wp-json\/wp\/v2\/media?parent=8670"}],"wp:term":[{"taxonomy":"category","embeddable":true,"href":"https:\/\/cartagenaaldia.com\/index.php\/wp-json\/wp\/v2\/categories?post=8670"},{"taxonomy":"post_tag","embeddable":true,"href":"https:\/\/cartagenaaldia.com\/index.php\/wp-json\/wp\/v2\/tags?post=8670"}],"curies":[{"name":"wp","href":"https:\/\/api.w.org\/{rel}","templated":true}]}}