{"id":8636,"date":"2025-03-13T23:57:17","date_gmt":"2025-03-14T04:57:17","guid":{"rendered":"https:\/\/cartagenaaldia.com\/?p=8636"},"modified":"2025-03-13T23:57:17","modified_gmt":"2025-03-14T04:57:17","slug":"ecopetrol-fortalece-250-emprendimientos-en-cartagena-con-acompanamiento-empresarial-y-tecnico","status":"publish","type":"post","link":"https:\/\/cartagenaaldia.com\/index.php\/2025\/03\/13\/ecopetrol-fortalece-250-emprendimientos-en-cartagena-con-acompanamiento-empresarial-y-tecnico\/","title":{"rendered":"Ecopetrol fortalece 250 emprendimientos en Cartagena con acompa\u00f1amiento empresarial y t\u00e9cnico"},"content":{"rendered":"\n<p>Ecopetrol, en alianza con Cr\u00e9ame Incubadora de Empresa, inici\u00f3 una nueva fase del programa Ecopetrol Emprende con la selecci\u00f3n de 250 emprendedores y microempresarios de Cartagena. Estos beneficiarios recibir\u00e1n acompa\u00f1amiento t\u00e9cnico y empresarial, asesor\u00edas en posicionamiento de marca personal y participaci\u00f3n en escenarios de relacionamiento comercial.<\/p>\n\n\n\n<p>Para la selecci\u00f3n de los emprendedores, el programa recibi\u00f3 1.450 inscripciones de 26 barrios, incluyendo zonas rurales e insulares y sectores cercanos a la refiner\u00eda de Cartagena. Con esta iniciativa, Ecopetrol busca diversificar la econom\u00eda local y generar oportunidades de empleo e ingresos para las comunidades de la ciudad.<\/p>\n\n\n\n<p>Desde su creaci\u00f3n en 2020, Ecopetrol Emprende ha impulsado la reactivaci\u00f3n econ\u00f3mica y la cultura del emprendimiento en la regi\u00f3n. Hasta la fecha, ha capacitado a 198 emprendedores y MiPymes, quienes han generado cerca de 510 empleos en la comunidad. El programa tambi\u00e9n ha impulsado el crecimiento de las ventas en un 88% para los participantes.<\/p>\n\n\n\n<p>Ecopetrol reafirma su compromiso con la diversidad e inclusi\u00f3n, destacando que 160 de los emprendedores capacitados son mujeres, 128 pertenecen a comunidades \u00e9tnicas y 10 son adultos mayores. Adem\u00e1s, el 52% de los beneficiarios proviene del sector rural, lo que ha permitido fortalecer el desarrollo econ\u00f3mico del territorio.<\/p>\n\n\n\n<p>Cindy Castro, emprendedora del barrio Membrillal y beneficiaria de Ecopetrol Emprende 2022, comparti\u00f3 su experiencia: \u201cMi emprendimiento naci\u00f3 para ofrecer trabajo a quienes no lo ten\u00edamos, incluy\u00e9ndome. Gracias al programa, logramos crecer, recibimos apoyo y, sobre todo, capacitaciones que nos ayudaron a consolidarnos y hacer realidad nuestro sue\u00f1o\u201d.<\/p>\n\n\n\n<p>Con esta nueva fase, Ecopetrol refuerza su apuesta por el emprendimiento como motor de desarrollo econ\u00f3mico y bienestar social en Cartagena. La compa\u00f1\u00eda continuar\u00e1 promoviendo la inclusi\u00f3n y la innovaci\u00f3n empresarial, fortaleciendo el tejido productivo de la regi\u00f3n.<\/p>\n","protected":false},"excerpt":{"rendered":"<p>El programa Ecopetrol Emprende impulsa el crecimiento de emprendedores y microempresas en Cartagena<\/p>\n","protected":false},"author":2,"featured_media":8637,"comment_status":"closed","ping_status":"closed","sticky":false,"template":"","format":"standard","meta":{"om_disable_all_campaigns":false,"_monsterinsights_skip_tracking":false,"_monsterinsights_sitenote_active":false,"_monsterinsights_sitenote_note":"","_monsterinsights_sitenote_category":0,"footnotes":""},"categories":[103,102],"tags":[230],"class_list":["post-8636","post","type-post","status-publish","format-standard","has-post-thumbnail","hentry","category-economia","category-generales","tag-ecopetrol"],"_links":{"self":[{"href":"https:\/\/cartagenaaldia.com\/index.php\/wp-json\/wp\/v2\/posts\/8636","targetHints":{"allow":["GET"]}}],"collection":[{"href":"https:\/\/cartagenaaldia.com\/index.php\/wp-json\/wp\/v2\/posts"}],"about":[{"href":"https:\/\/cartagenaaldia.com\/index.php\/wp-json\/wp\/v2\/types\/post"}],"author":[{"embeddable":true,"href":"https:\/\/cartagenaaldia.com\/index.php\/wp-json\/wp\/v2\/users\/2"}],"replies":[{"embeddable":true,"href":"https:\/\/cartagenaaldia.com\/index.php\/wp-json\/wp\/v2\/comments?post=8636"}],"version-history":[{"count":1,"href":"https:\/\/cartagenaaldia.com\/index.php\/wp-json\/wp\/v2\/posts\/8636\/revisions"}],"predecessor-version":[{"id":8638,"href":"https:\/\/cartagenaaldia.com\/index.php\/wp-json\/wp\/v2\/posts\/8636\/revisions\/8638"}],"wp:featuredmedia":[{"embeddable":true,"href":"https:\/\/cartagenaaldia.com\/index.php\/wp-json\/wp\/v2\/media\/8637"}],"wp:attachment":[{"href":"https:\/\/cartagenaaldia.com\/index.php\/wp-json\/wp\/v2\/media?parent=8636"}],"wp:term":[{"taxonomy":"category","embeddable":true,"href":"https:\/\/cartagenaaldia.com\/index.php\/wp-json\/wp\/v2\/categories?post=8636"},{"taxonomy":"post_tag","embeddable":true,"href":"https:\/\/cartagenaaldia.com\/index.php\/wp-json\/wp\/v2\/tags?post=8636"}],"curies":[{"name":"wp","href":"https:\/\/api.w.org\/{rel}","templated":true}]}}