{"id":8630,"date":"2025-03-13T23:21:20","date_gmt":"2025-03-14T04:21:20","guid":{"rendered":"https:\/\/cartagenaaldia.com\/?p=8630"},"modified":"2025-03-13T23:21:20","modified_gmt":"2025-03-14T04:21:20","slug":"cartagena-fortalece-gestion-de-riesgos-con-certificaciones-internacionales-y-nueva-tecnologia","status":"publish","type":"post","link":"https:\/\/cartagenaaldia.com\/index.php\/2025\/03\/13\/cartagena-fortalece-gestion-de-riesgos-con-certificaciones-internacionales-y-nueva-tecnologia\/","title":{"rendered":"Cartagena fortalece gesti\u00f3n de riesgos con certificaciones internacionales y nueva tecnolog\u00eda"},"content":{"rendered":"\n<p>Cartagena cuenta ahora con personal certificado internacionalmente en gesti\u00f3n de riesgos, gracias a una alianza entre la Alcald\u00eda y la Refiner\u00eda de Cartagena. La iniciativa permiti\u00f3 capacitar y entrenar a equipos de socorro de instituciones educativas y comunidades, elevando los est\u00e1ndares de seguridad y respuesta ante emergencias.<\/p>\n\n\n\n<p>Durante las jornadas de formaci\u00f3n, 50 miembros del Consejo Distrital y Departamental para la Gesti\u00f3n de Desastres recibieron certificaciones en sistema de comando de incidentes a trav\u00e9s de la Agencia de Estados Unidos para el Desarrollo Internacional (USAID). Adem\u00e1s, 12 bomberos de la ciudad participaron por primera vez en el evento latinoamericano m\u00e1s importante de su sector, organizado por el Servicio de Extensi\u00f3n de Ingenier\u00eda de Texas, donde adquirieron conocimientos sobre el uso de realidad aumentada, drones y herramientas de simulaci\u00f3n para la contenci\u00f3n de incendios.<\/p>\n\n\n\n<p>Como parte de esta iniciativa, Cartagena recibi\u00f3 una dotaci\u00f3n de equipos especializados para la detecci\u00f3n de gases, rescate en alturas y espacios confinados. Adem\u00e1s, se implementaron formaciones sobre planes de gesti\u00f3n del riesgo en 15 instituciones educativas y se fortalecieron los Comit\u00e9s Barriales de Emergencia (Combas) con el apoyo de la Cruz Roja, promoviendo buenas pr\u00e1cticas y simulacros de evacuaci\u00f3n.<\/p>\n\n\n\n<p>Con estas acciones, la ciudad avanza en la profesionalizaci\u00f3n de su capacidad de respuesta ante desastres, consolidando una cultura de prevenci\u00f3n y reacci\u00f3n eficiente en caso de emergencias.<\/p>\n\n\n\n<figure class=\"wp-block-gallery has-nested-images columns-default is-cropped wp-block-gallery-1 is-layout-flex wp-block-gallery-is-layout-flex\">\n<figure class=\"wp-block-image size-large\"><img fetchpriority=\"high\" decoding=\"async\" width=\"1024\" height=\"768\" data-id=\"8632\" src=\"https:\/\/cartagenaaldia.com\/wp-content\/uploads\/2025\/03\/Ecopetrol-Bombero-1-1024x768.webp\" alt=\"\" class=\"wp-image-8632\"\/><\/figure>\n\n\n\n<figure class=\"wp-block-image size-large\"><img decoding=\"async\" width=\"1024\" height=\"768\" data-id=\"8634\" src=\"https:\/\/cartagenaaldia.com\/wp-content\/uploads\/2025\/03\/Ecopetrol-Bombero-2-1024x768.webp\" alt=\"\" class=\"wp-image-8634\"\/><\/figure>\n\n\n\n<figure class=\"wp-block-image size-large\"><img decoding=\"async\" width=\"1024\" height=\"768\" data-id=\"8633\" src=\"https:\/\/cartagenaaldia.com\/wp-content\/uploads\/2025\/03\/Ecopetrol-Bombero-3-1024x768.webp\" alt=\"\" class=\"wp-image-8633\"\/><\/figure>\n<\/figure>\n","protected":false},"excerpt":{"rendered":"<p>Alcald\u00eda y Refiner\u00eda de Cartagena capacitan equipos de socorro con certificaciones y herramientas innovadoras<\/p>\n","protected":false},"author":2,"featured_media":8631,"comment_status":"closed","ping_status":"closed","sticky":false,"template":"","format":"standard","meta":{"om_disable_all_campaigns":false,"_monsterinsights_skip_tracking":false,"_monsterinsights_sitenote_active":false,"_monsterinsights_sitenote_note":"","_monsterinsights_sitenote_category":0,"footnotes":""},"categories":[103,102],"tags":[230],"class_list":["post-8630","post","type-post","status-publish","format-standard","has-post-thumbnail","hentry","category-economia","category-generales","tag-ecopetrol"],"_links":{"self":[{"href":"https:\/\/cartagenaaldia.com\/index.php\/wp-json\/wp\/v2\/posts\/8630","targetHints":{"allow":["GET"]}}],"collection":[{"href":"https:\/\/cartagenaaldia.com\/index.php\/wp-json\/wp\/v2\/posts"}],"about":[{"href":"https:\/\/cartagenaaldia.com\/index.php\/wp-json\/wp\/v2\/types\/post"}],"author":[{"embeddable":true,"href":"https:\/\/cartagenaaldia.com\/index.php\/wp-json\/wp\/v2\/users\/2"}],"replies":[{"embeddable":true,"href":"https:\/\/cartagenaaldia.com\/index.php\/wp-json\/wp\/v2\/comments?post=8630"}],"version-history":[{"count":1,"href":"https:\/\/cartagenaaldia.com\/index.php\/wp-json\/wp\/v2\/posts\/8630\/revisions"}],"predecessor-version":[{"id":8635,"href":"https:\/\/cartagenaaldia.com\/index.php\/wp-json\/wp\/v2\/posts\/8630\/revisions\/8635"}],"wp:featuredmedia":[{"embeddable":true,"href":"https:\/\/cartagenaaldia.com\/index.php\/wp-json\/wp\/v2\/media\/8631"}],"wp:attachment":[{"href":"https:\/\/cartagenaaldia.com\/index.php\/wp-json\/wp\/v2\/media?parent=8630"}],"wp:term":[{"taxonomy":"category","embeddable":true,"href":"https:\/\/cartagenaaldia.com\/index.php\/wp-json\/wp\/v2\/categories?post=8630"},{"taxonomy":"post_tag","embeddable":true,"href":"https:\/\/cartagenaaldia.com\/index.php\/wp-json\/wp\/v2\/tags?post=8630"}],"curies":[{"name":"wp","href":"https:\/\/api.w.org\/{rel}","templated":true}]}}