{"id":8601,"date":"2025-03-08T14:24:45","date_gmt":"2025-03-08T19:24:45","guid":{"rendered":"https:\/\/cartagenaaldia.com\/?p=8601"},"modified":"2025-04-15T18:38:11","modified_gmt":"2025-04-15T23:38:11","slug":"gobernador-entrega-viaje-a-republica-dominicana-a-campeon-de-juega-por-tu-barrio","status":"publish","type":"post","link":"https:\/\/cartagenaaldia.com\/index.php\/2025\/03\/08\/gobernador-entrega-viaje-a-republica-dominicana-a-campeon-de-juega-por-tu-barrio\/","title":{"rendered":"Gobernador Entrega Viaje a Rep\u00fablica Dominicana a Campe\u00f3n de Juega por Tu Barrio"},"content":{"rendered":"\n<p>El barrio 20 de Julio se coron\u00f3 campe\u00f3n invicto del torneo barrial m\u00e1s importante de la ciudad, \u2018Juega Por tu Barrio\u2019, categor\u00eda \u00e9lite, imponi\u00e9ndose con un contundente 12-2 en la gran final ante Crespito, luego de haber ganado el primer encuentro por un re\u00f1ido marcador de 14-12 en el Estadio Argemiro Berm\u00fadez Villadiego.<\/p>\n\n\n\n<p>Este triunfo fue celebrado por toda la comunidad, y para cerrar con broche de oro, el Gobernador de Bol\u00edvar, Yamil Arana Padau\u00ed, quien ha respaldado firmemente este evento deportivo, sorprendi\u00f3 al equipo campe\u00f3n con un viaje a Rep\u00fablica Dominicana para participar en un importante torneo internacional, en reconocimiento a su esfuerzo y dedicaci\u00f3n.<\/p>\n\n\n\n<p>&#8220;La Gobernaci\u00f3n de Bol\u00edvar se va a unir a los premios, vamos a regalarle un viaje a Rep\u00fablica Dominicana a un campeonato internacional al equipo campe\u00f3n de Juega por tu Barrio. Queremos que el talento de Bol\u00edvar lo conozca el mundo entero y nos unimos a ese prop\u00f3sito&#8221;, expres\u00f3 el mandatario departamental.<\/p>\n\n\n\n<p>El equipo 20 de Julio, con una destacada actuaci\u00f3n durante todo el torneo, no ocult\u00f3 su emoci\u00f3n tras su victoria; \u201cEsto es una emoci\u00f3n, una alegr\u00eda, yo se lo ped\u00ed a Dios y lo logramos, nosotros trabajamos duro y se nos dieron las cosas, agradecemos al Gobernador por todo&#8221;, coment\u00f3 uno de los jugadores, visiblemente emocionado.<\/p>\n\n\n\n<p>&#8220;Esto es algo grandioso y espectacular, lo est\u00e1bamos so\u00f1ando y lo logramos, no por nosotros sino por todo el barrio y las personas que nos apoyaron desde el primer d\u00eda&#8221;, sostuvo uno de los bateadores.<\/p>\n\n\n\n<p>Finalmente, agradecieron al Gobernador Yamil Arana por brindarle la oportunidad al equipo de ir a representar a Bol\u00edvar en Rep\u00fablica Dominicana. &#8220;Agradecemos al Gobernador Yamil Arana por darnos esta oportunidad de ir a representar nuestra patria en Rep\u00fablica Dominicana&#8221;, concluyeron.<\/p>\n\n\n\n<p>El compromiso de la Gobernaci\u00f3n de Bol\u00edvar con el deporte sigue en firme, siendo una prioridad para el Gobierno Departamental seguir impulsando el talento local y apoyando la realizaci\u00f3n de eventos que fomenten la integraci\u00f3n y el desarrollo de las comunidades.<\/p>\n","protected":false},"excerpt":{"rendered":"<p>Gobernador de Bol\u00edvar la bot\u00f3 de Home Run premiando al campe\u00f3n de \u2018Juega Por tu Barrio\u2019 con un viaje a Rep\u00fablica Dominicana<\/p>\n","protected":false},"author":2,"featured_media":8603,"comment_status":"closed","ping_status":"closed","sticky":false,"template":"","format":"standard","meta":{"om_disable_all_campaigns":false,"_monsterinsights_skip_tracking":false,"_monsterinsights_sitenote_active":false,"_monsterinsights_sitenote_note":"","_monsterinsights_sitenote_category":0,"footnotes":""},"categories":[110,106,102],"tags":[380,136,264],"class_list":["post-8601","post","type-post","status-publish","format-standard","has-post-thumbnail","hentry","category-bolivar","category-deporte","category-generales","tag-gobernacion-bolivar","tag-iderbol","tag-yamil-arana"],"_links":{"self":[{"href":"https:\/\/cartagenaaldia.com\/index.php\/wp-json\/wp\/v2\/posts\/8601","targetHints":{"allow":["GET"]}}],"collection":[{"href":"https:\/\/cartagenaaldia.com\/index.php\/wp-json\/wp\/v2\/posts"}],"about":[{"href":"https:\/\/cartagenaaldia.com\/index.php\/wp-json\/wp\/v2\/types\/post"}],"author":[{"embeddable":true,"href":"https:\/\/cartagenaaldia.com\/index.php\/wp-json\/wp\/v2\/users\/2"}],"replies":[{"embeddable":true,"href":"https:\/\/cartagenaaldia.com\/index.php\/wp-json\/wp\/v2\/comments?post=8601"}],"version-history":[{"count":1,"href":"https:\/\/cartagenaaldia.com\/index.php\/wp-json\/wp\/v2\/posts\/8601\/revisions"}],"predecessor-version":[{"id":8602,"href":"https:\/\/cartagenaaldia.com\/index.php\/wp-json\/wp\/v2\/posts\/8601\/revisions\/8602"}],"wp:featuredmedia":[{"embeddable":true,"href":"https:\/\/cartagenaaldia.com\/index.php\/wp-json\/wp\/v2\/media\/8603"}],"wp:attachment":[{"href":"https:\/\/cartagenaaldia.com\/index.php\/wp-json\/wp\/v2\/media?parent=8601"}],"wp:term":[{"taxonomy":"category","embeddable":true,"href":"https:\/\/cartagenaaldia.com\/index.php\/wp-json\/wp\/v2\/categories?post=8601"},{"taxonomy":"post_tag","embeddable":true,"href":"https:\/\/cartagenaaldia.com\/index.php\/wp-json\/wp\/v2\/tags?post=8601"}],"curies":[{"name":"wp","href":"https:\/\/api.w.org\/{rel}","templated":true}]}}