{"id":8570,"date":"2025-03-03T19:12:02","date_gmt":"2025-03-04T00:12:02","guid":{"rendered":"https:\/\/cartagenaaldia.com\/?p=8570"},"modified":"2025-03-03T19:12:03","modified_gmt":"2025-03-04T00:12:03","slug":"banco-de-la-republica-presenta-informe-economico-2024-con-inflacion-en-52-y-ajustes-monetarios","status":"publish","type":"post","link":"https:\/\/cartagenaaldia.com\/index.php\/2025\/03\/03\/banco-de-la-republica-presenta-informe-economico-2024-con-inflacion-en-52-y-ajustes-monetarios\/","title":{"rendered":"Banco de la Rep\u00fablica presenta informe econ\u00f3mico 2024 con inflaci\u00f3n en 5,2% y ajustes monetarios"},"content":{"rendered":"\n<p><strong>Sala Redacci\u00f3n. &#8211;<\/strong> El Banco de la Rep\u00fablica entreg\u00f3 al Congreso su informe econ\u00f3mico de 2024. La inflaci\u00f3n cerr\u00f3 en 5,2% y la pol\u00edtica monetaria mantuvo una postura contractiva con reducciones graduales de tasas de inter\u00e9s.<\/p>\n\n\n\n<p>El Banco de la Rep\u00fablica present\u00f3 a la Comisi\u00f3n Tercera del Congreso el informe de la Junta Directiva sobre los resultados macroecon\u00f3micos de 2024 y las proyecciones para 2025. La presentaci\u00f3n estuvo a cargo de Leonardo Villar, gerente del banco.<\/p>\n\n\n\n<p>El informe destaca la continuaci\u00f3n del proceso de reducci\u00f3n de la inflaci\u00f3n, iniciado en 2023, y la disminuci\u00f3n del d\u00e9ficit en la cuenta corriente de la balanza de pagos. Esto se produjo en un contexto de pol\u00edtica monetaria contractiva, con reducciones graduales y cautelosas en las tasas de inter\u00e9s.<\/p>\n\n\n\n<p>La inflaci\u00f3n anual de precios al consumidor cerr\u00f3 en 5,2%, con una ca\u00edda de 4,1 puntos porcentuales respecto al 9,3% registrado a finales de 2023 y de 8,1 puntos frente al m\u00e1ximo de marzo de 2023. La inflaci\u00f3n b\u00e1sica, sin alimentos ni regulados, tambi\u00e9n se redujo del 8,4% al 5,2%.<\/p>\n\n\n\n<p>Otros rubros, como alimentos y productos regulados, tambi\u00e9n registraron descensos. La inflaci\u00f3n de alimentos cay\u00f3 del 5,0% al 3,3%, mientras que la de productos regulados pas\u00f3 del 17,2% al 7,3%.<\/p>\n\n\n\n<p>A pesar de estos avances, la inflaci\u00f3n sigue 2,0 puntos por encima de la meta del 3% establecida por el Banco de la Rep\u00fablica. Adem\u00e1s, en los \u00faltimos meses de 2024, las expectativas inflacionarias para 2025 mostraron un repunte debido a la incertidumbre econ\u00f3mica global y el deterioro de las finanzas p\u00fablicas.<\/p>\n\n\n\n<p>El Banco de la Rep\u00fablica mantuvo una pol\u00edtica monetaria contractiva a lo largo de 2024. Desde el pico del 13,25% en noviembre de 2023, la Junta Directiva inici\u00f3 un ciclo de reducciones en la tasa de pol\u00edtica monetaria, que cerr\u00f3 en 9,5% en diciembre de 2024. Estas reducciones fueron de 50 puntos b\u00e1sicos entre marzo y octubre, para luego desacelerarse a 25 puntos en diciembre. En enero de 2025, se decidi\u00f3 pausar los recortes ante nuevas presiones inflacionarias.<\/p>\n\n\n\n<p>El crecimiento del PIB en 2024 fue del 1,7%, por debajo de la tendencia de largo plazo. Sectores como la agricultura, el entretenimiento y algunos servicios estatales impulsaron la econom\u00eda, mientras que la manufactura y la miner\u00eda se contrajeron. La inversi\u00f3n en capital fijo aument\u00f3, pero sigue por debajo de los niveles pre pandemia. En contraste, el consumo se mantuvo elevado.<\/p>\n\n\n\n<p>El mercado laboral tuvo un desempe\u00f1o positivo, con mayor ocupaci\u00f3n y ca\u00edda en la tasa de desempleo. No obstante, la incertidumbre fiscal y externa podr\u00eda afectar su sostenibilidad.<\/p>\n\n\n\n<p>Para 2025 y 2026, se prev\u00e9 un crecimiento del PIB del 2,6% y 3,4%, respectivamente. Sin embargo, el desempe\u00f1o econ\u00f3mico depender\u00e1 de la evoluci\u00f3n de la inflaci\u00f3n, la pol\u00edtica monetaria y los factores globales.<\/p>\n\n\n\n<p>El Banco de la Rep\u00fablica ha mantenido una pol\u00edtica monetaria cautelosa, garantizando decisiones sostenibles para evitar correcciones abruptas en el corto plazo. Esto permite consolidar la credibilidad econ\u00f3mica del pa\u00eds y guiar las expectativas del sector privado en un entorno de incertidumbre.<\/p>\n","protected":false},"excerpt":{"rendered":"<p>El informe entregado al Congreso destaca reducci\u00f3n de tasas de inter\u00e9s y crecimiento del PIB en 1,7%<\/p>\n","protected":false},"author":2,"featured_media":8571,"comment_status":"closed","ping_status":"closed","sticky":false,"template":"","format":"standard","meta":{"om_disable_all_campaigns":false,"_monsterinsights_skip_tracking":false,"_monsterinsights_sitenote_active":false,"_monsterinsights_sitenote_note":"","_monsterinsights_sitenote_category":0,"footnotes":""},"categories":[103,102],"tags":[674],"class_list":["post-8570","post","type-post","status-publish","format-standard","has-post-thumbnail","hentry","category-economia","category-generales","tag-banco-de-la-republica-2"],"_links":{"self":[{"href":"https:\/\/cartagenaaldia.com\/index.php\/wp-json\/wp\/v2\/posts\/8570","targetHints":{"allow":["GET"]}}],"collection":[{"href":"https:\/\/cartagenaaldia.com\/index.php\/wp-json\/wp\/v2\/posts"}],"about":[{"href":"https:\/\/cartagenaaldia.com\/index.php\/wp-json\/wp\/v2\/types\/post"}],"author":[{"embeddable":true,"href":"https:\/\/cartagenaaldia.com\/index.php\/wp-json\/wp\/v2\/users\/2"}],"replies":[{"embeddable":true,"href":"https:\/\/cartagenaaldia.com\/index.php\/wp-json\/wp\/v2\/comments?post=8570"}],"version-history":[{"count":1,"href":"https:\/\/cartagenaaldia.com\/index.php\/wp-json\/wp\/v2\/posts\/8570\/revisions"}],"predecessor-version":[{"id":8572,"href":"https:\/\/cartagenaaldia.com\/index.php\/wp-json\/wp\/v2\/posts\/8570\/revisions\/8572"}],"wp:featuredmedia":[{"embeddable":true,"href":"https:\/\/cartagenaaldia.com\/index.php\/wp-json\/wp\/v2\/media\/8571"}],"wp:attachment":[{"href":"https:\/\/cartagenaaldia.com\/index.php\/wp-json\/wp\/v2\/media?parent=8570"}],"wp:term":[{"taxonomy":"category","embeddable":true,"href":"https:\/\/cartagenaaldia.com\/index.php\/wp-json\/wp\/v2\/categories?post=8570"},{"taxonomy":"post_tag","embeddable":true,"href":"https:\/\/cartagenaaldia.com\/index.php\/wp-json\/wp\/v2\/tags?post=8570"}],"curies":[{"name":"wp","href":"https:\/\/api.w.org\/{rel}","templated":true}]}}