{"id":8550,"date":"2025-02-28T11:29:48","date_gmt":"2025-02-28T16:29:48","guid":{"rendered":"https:\/\/cartagenaaldia.com\/?p=8550"},"modified":"2025-02-28T11:38:59","modified_gmt":"2025-02-28T16:38:59","slug":"bolivar-brilla-en-anato-2025-una-apuesta-por-el-turismo-comunitario-y-sostenible","status":"publish","type":"post","link":"https:\/\/cartagenaaldia.com\/index.php\/2025\/02\/28\/bolivar-brilla-en-anato-2025-una-apuesta-por-el-turismo-comunitario-y-sostenible\/","title":{"rendered":"Bol\u00edvar brilla en ANATO 2025: una apuesta por el turismo comunitario y sostenible"},"content":{"rendered":"\n<p>La Vitrina Tur\u00edstica ANATO 2025 ha sido el escenario perfecto para que Bol\u00edvar exhiba su riqueza tur\u00edstica y cultural. Con el liderazgo de la directora del Instituto de Cultura y Turismo de Bol\u00edvar (ICULTUR), Lina Rodr\u00edguez, el departamento se ha presentado bajo la campa\u00f1a \u201cBol\u00edvar me enamora de norte a sur\u201d, destacando que la regi\u00f3n no solo es reconocida por sus playas y su emblem\u00e1tico casco hist\u00f3rico en Cartagena, sino tambi\u00e9n por su patrimonio, naturaleza, gastronom\u00eda y diversidad cultural.<\/p>\n\n\n\n<p><strong>Una muestra integral del potencial tur\u00edstico de Bol\u00edvar<\/strong><\/p>\n\n\n\n<p>El stand de Bol\u00edvar en ANATO 2025 ha sido dise\u00f1ado para representar fielmente la identidad del departamento y exhibir su variada oferta tur\u00edstica. \u201cAqu\u00ed est\u00e1 la oferta de primera mano de cada uno de los operadores de cada municipio, los conocedores reales de esa oferta y de esa identidad que queremos promover a trav\u00e9s de este stand\u201d, afirm\u00f3 Lina Rodr\u00edguez.<\/p>\n\n\n\n<p>En este espacio, se han dado cita nueve municipios con vocaci\u00f3n tur\u00edstica priorizados por el Plan de Desarrollo Departamental y el Viceministerio de Industria, Comercio y Turismo. Adem\u00e1s, se han sumado Santa Rosa del Sur y Simit\u00ed, los cuales buscan consolidarse como destinos de naturaleza y turismo comunitario, reforzando la estrategia del departamento de diversificar sus atractivos m\u00e1s all\u00e1 del turismo tradicional.<\/p>\n\n\n\n<p><strong>Turismo comunitario: una nueva apuesta para el desarrollo sostenible<\/strong><\/p>\n\n\n\n<p>Uno de los temas centrales en la participaci\u00f3n de Bol\u00edvar en ANATO ha sido la promoci\u00f3n del turismo comunitario. En l\u00ednea con lo expuesto por el Ministro de Comercio, Industria y Turismo en la inauguraci\u00f3n del evento, el departamento busca potenciar esta modalidad en municipios de los Montes de Mar\u00eda y en el sur de Bol\u00edvar.<\/p>\n\n\n\n<p>\u201cEn los Montes de Mar\u00eda hay turismo comunitario y cultural en Mampuj\u00e1n, Mahates, Mar\u00eda la Baja, San Juan y El Carmen de Bol\u00edvar. Ahora se suma el sur con esa misma l\u00f3gica\u201d, destac\u00f3 la directora de ICULTUR. El turismo en esta zona se centra en la riqueza natural de sus cuerpos de agua, la biodiversidad, las plantaciones de cacao y palma, y la historia de sus pueblos.<\/p>\n\n\n\n<p>Simit\u00ed, por ejemplo, cuenta con una ci\u00e9naga y una iglesia catalogada como Bien de Inter\u00e9s Cultural de la Naci\u00f3n, con una arquitectura \u00fanica en Colombia. \u201cEstamos aqu\u00ed para poder contarle eso al mundo\u201d, asegur\u00f3 Rodr\u00edguez, subrayando la importancia de visibilizar estos territorios y generar oportunidades de desarrollo sostenible a trav\u00e9s del turismo.<\/p>\n\n\n\n<p><strong>Activaciones culturales y promoci\u00f3n del calendario tur\u00edstico<\/strong><\/p>\n\n\n\n<p>El stand de Bol\u00edvar no solo ha sido un espacio de exhibici\u00f3n, sino tambi\u00e9n de experiencia y conexi\u00f3n. A lo largo de la feria, se han programado diversas activaciones culturales y presentaciones especiales, entre ellas, el lanzamiento del calendario de eventos culturales del departamento, liderado por ICULTUR y la Gobernaci\u00f3n de Bol\u00edvar.<\/p>\n\n\n\n<p>Adem\u00e1s, las reuniones permanentes con gremios y actores clave del sector han permitido fortalecer alianzas y crear nuevas oportunidades para el crecimiento del turismo en la regi\u00f3n.<\/p>\n\n\n\n<p><strong>Bol\u00edvar, un destino integral en el panorama tur\u00edstico internacional<\/strong><\/p>\n\n\n\n<p>La presencia de Bol\u00edvar en ANATO 2025 reafirma su posici\u00f3n como un destino de turismo integral y competitivo. Con una estrategia enfocada en el fortalecimiento del turismo comunitario, la promoci\u00f3n de nuevos destinos y la articulaci\u00f3n con los diferentes actores del sector, el departamento sigue consolid\u00e1ndose como un referente en la oferta tur\u00edstica nacional e internacional.<\/p>\n\n\n\n<p>La campa\u00f1a \u201cBol\u00edvar me enamora de norte a sur\u201d no solo resalta la belleza y diversidad del departamento, sino que tambi\u00e9n busca generar un impacto positivo en las comunidades locales, promoviendo un turismo inclusivo y sostenible que contribuya al desarrollo econ\u00f3mico y social de la regi\u00f3n.<\/p>\n\n\n\n<iframe src=\"https:\/\/widget.spreaker.com\/player?episode_id=64629248&#038;theme=light&#038;playlist=false&#038;playlist-continuous=false&#038;chapters-image=true&#038;episode_image_position=right&#038;hide-logo=false&#038;hide-likes=false&#038;hide-comments=false&#038;hide-sharing=false&#038;hide-download=true\" width=\"100%\" height=\"200px\" frameborder=\"0\"><\/iframe>\n","protected":false},"excerpt":{"rendered":"<p>El departamento de Bol\u00edvar deslumbra con su diversidad tur\u00edstica en la Vitrina Tur\u00edstica ANATO 2025, posicion\u00e1ndose como un destino m\u00e1s all\u00e1 del sol y la playa<\/p>\n","protected":false},"author":2,"featured_media":8551,"comment_status":"closed","ping_status":"closed","sticky":false,"template":"","format":"standard","meta":{"om_disable_all_campaigns":false,"_monsterinsights_skip_tracking":false,"_monsterinsights_sitenote_active":false,"_monsterinsights_sitenote_note":"","_monsterinsights_sitenote_category":0,"footnotes":""},"categories":[102,104],"tags":[251,380,196,692,693],"class_list":["post-8550","post","type-post","status-publish","format-standard","has-post-thumbnail","hentry","category-generales","category-turismo","tag-anato","tag-gobernacion-bolivar","tag-icultur","tag-lina-rodriguez","tag-vitrina-turistica-anato-2025"],"_links":{"self":[{"href":"https:\/\/cartagenaaldia.com\/index.php\/wp-json\/wp\/v2\/posts\/8550","targetHints":{"allow":["GET"]}}],"collection":[{"href":"https:\/\/cartagenaaldia.com\/index.php\/wp-json\/wp\/v2\/posts"}],"about":[{"href":"https:\/\/cartagenaaldia.com\/index.php\/wp-json\/wp\/v2\/types\/post"}],"author":[{"embeddable":true,"href":"https:\/\/cartagenaaldia.com\/index.php\/wp-json\/wp\/v2\/users\/2"}],"replies":[{"embeddable":true,"href":"https:\/\/cartagenaaldia.com\/index.php\/wp-json\/wp\/v2\/comments?post=8550"}],"version-history":[{"count":2,"href":"https:\/\/cartagenaaldia.com\/index.php\/wp-json\/wp\/v2\/posts\/8550\/revisions"}],"predecessor-version":[{"id":8554,"href":"https:\/\/cartagenaaldia.com\/index.php\/wp-json\/wp\/v2\/posts\/8550\/revisions\/8554"}],"wp:featuredmedia":[{"embeddable":true,"href":"https:\/\/cartagenaaldia.com\/index.php\/wp-json\/wp\/v2\/media\/8551"}],"wp:attachment":[{"href":"https:\/\/cartagenaaldia.com\/index.php\/wp-json\/wp\/v2\/media?parent=8550"}],"wp:term":[{"taxonomy":"category","embeddable":true,"href":"https:\/\/cartagenaaldia.com\/index.php\/wp-json\/wp\/v2\/categories?post=8550"},{"taxonomy":"post_tag","embeddable":true,"href":"https:\/\/cartagenaaldia.com\/index.php\/wp-json\/wp\/v2\/tags?post=8550"}],"curies":[{"name":"wp","href":"https:\/\/api.w.org\/{rel}","templated":true}]}}