{"id":8538,"date":"2025-02-26T22:17:09","date_gmt":"2025-02-27T03:17:09","guid":{"rendered":"https:\/\/cartagenaaldia.com\/?p=8538"},"modified":"2025-02-26T22:17:10","modified_gmt":"2025-02-27T03:17:10","slug":"cartagena-y-bolivar-brillan-en-anato-2025-con-su-oferta-turistica-de-primer-nivel","status":"publish","type":"post","link":"https:\/\/cartagenaaldia.com\/index.php\/2025\/02\/26\/cartagena-y-bolivar-brillan-en-anato-2025-con-su-oferta-turistica-de-primer-nivel\/","title":{"rendered":"Cartagena y Bol\u00edvar brillan en ANATO 2025 con su oferta tur\u00edstica de primer nivel"},"content":{"rendered":"\n<p><strong><br>Sala Redacci\u00f3n (IA). &#8211;<\/strong> La Vitrina Tur\u00edstica ANATO se ha consolidado como una plataforma clave para posicionar a Cartagena y Bol\u00edvar como referentes del turismo competitivo a nivel global. En la edici\u00f3n 2025, COTELCO Bol\u00edvar refuerza su compromiso con la promoci\u00f3n del destino a trav\u00e9s de un stand propio que refleja el esfuerzo conjunto del sector hotelero regional.<\/p>\n\n\n\n<p>Este a\u00f1o, la participaci\u00f3n de 18 afiliados de COTELCO Bol\u00edvar permitir\u00e1 exhibir una variada oferta hotelera, abarcando desde grandes cadenas hasta hoteles boutique y de lujo en la zona insular. En total, la entidad agrupa a 89 afiliados que cubren diferentes segmentos del sector, fortaleciendo la propuesta tur\u00edstica del departamento.<\/p>\n\n\n\n<p>Como parte de su estrategia, COTELCO Bol\u00edvar ha lanzado una campa\u00f1a de reservas de alojamiento en Cartagena y Bol\u00edvar con tarifas especiales exclusivas para la Vitrina Tur\u00edstica, con el fin de incentivar las ventas de sus afiliados y fomentar el turismo en la regi\u00f3n.<\/p>\n\n\n\n<p>Uno de los focos clave en ANATO 2025 es destacar la Zona Insular de Cartagena de Indias como un destino de sol y playa de alto nivel. El stand de COTELCO honrar\u00e1 este segmento tur\u00edstico, reforzando el mensaje de que la ciudad no solo es un destino hist\u00f3rico y cultural, sino tambi\u00e9n un para\u00edso natural con una oferta hotelera de primera categor\u00eda.<\/p>\n\n\n\n<p>Asimismo, Mompox sigue ganando protagonismo dentro de la estrategia de posicionamiento tur\u00edstico de Bol\u00edvar. Gracias a su valor hist\u00f3rico, cultural y su creciente competitividad, este municipio ha demostrado avances significativos en la atracci\u00f3n de visitantes. Nueve afiliados de COTELCO representar\u00e1n a Mompox en ANATO 2025, promoviendo su oferta como un destino atractivo para turistas nacionales e internacionales.<\/p>\n\n\n\n<p>En un esfuerzo conjunto con la Alcald\u00eda de Cartagena, la Alcald\u00eda de Valledupar, las Gobernaciones de Atl\u00e1ntico, La Guajira, Sucre, el Instituto de Cultura y Turismo de Bol\u00edvar y el Instituto de Turismo de Santa Marta, COTELCO Bol\u00edvar participa en la promoci\u00f3n del Caribe colombiano como un multidestino tur\u00edstico. Este trabajo articulado busca consolidar la regi\u00f3n como una oferta integrada, competitiva y sostenible para el mercado global.<\/p>\n\n\n\n<p>Adem\u00e1s, COTELCO sigue impulsando la formalizaci\u00f3n del turismo con su campa\u00f1a &#8220;Siempre es mejor un hotel&#8221;, la cual resalta los beneficios de alojarse en establecimientos legalmente constituidos. La organizaci\u00f3n reafirma su compromiso con la regulaci\u00f3n del sector y la promoci\u00f3n de una infraestructura hotelera organizada, clave para garantizar un turismo de calidad.<\/p>\n\n\n\n<p>Otro de los hitos de COTELCO Bol\u00edvar en ANATO 2025 es la campa\u00f1a de promoci\u00f3n en conjunto con Despegar, que impacta los mercados de Chile, Colombia y M\u00e9xico. Con la participaci\u00f3n de 40 hoteles, esta iniciativa busca aumentar la visibilidad de los destinos de Cartagena y Bol\u00edvar en mercados estrat\u00e9gicos, fortaleciendo su imagen como referentes tur\u00edsticos en Am\u00e9rica Latina.<\/p>\n\n\n\n<p>Con estas acciones, COTELCO Bol\u00edvar sigue demostrando su liderazgo en la industria del alojamiento y la hospitalidad, impulsando la sostenibilidad, la innovaci\u00f3n y la competitividad del turismo en la regi\u00f3n. La Vitrina Tur\u00edstica ANATO 2025 se convierte en el escenario ideal para consolidar alianzas y fortalecer el posicionamiento de Cartagena y Bol\u00edvar como destinos de excelencia a nivel internacional.<\/p>\n","protected":false},"excerpt":{"rendered":"<p>Cotelco Bol\u00edvar refuerza la competitividad de Cartagena y Mompox con una estrategia innovadora en ANATO 2025<\/p>\n","protected":false},"author":2,"featured_media":8539,"comment_status":"closed","ping_status":"closed","sticky":false,"template":"","format":"standard","meta":{"om_disable_all_campaigns":false,"_monsterinsights_skip_tracking":false,"_monsterinsights_sitenote_active":false,"_monsterinsights_sitenote_note":"","_monsterinsights_sitenote_category":0,"footnotes":""},"categories":[102,104],"tags":[252,691],"class_list":["post-8538","post","type-post","status-publish","format-standard","has-post-thumbnail","hentry","category-generales","category-turismo","tag-cotelco","tag-cotelco-bolivar"],"_links":{"self":[{"href":"https:\/\/cartagenaaldia.com\/index.php\/wp-json\/wp\/v2\/posts\/8538","targetHints":{"allow":["GET"]}}],"collection":[{"href":"https:\/\/cartagenaaldia.com\/index.php\/wp-json\/wp\/v2\/posts"}],"about":[{"href":"https:\/\/cartagenaaldia.com\/index.php\/wp-json\/wp\/v2\/types\/post"}],"author":[{"embeddable":true,"href":"https:\/\/cartagenaaldia.com\/index.php\/wp-json\/wp\/v2\/users\/2"}],"replies":[{"embeddable":true,"href":"https:\/\/cartagenaaldia.com\/index.php\/wp-json\/wp\/v2\/comments?post=8538"}],"version-history":[{"count":1,"href":"https:\/\/cartagenaaldia.com\/index.php\/wp-json\/wp\/v2\/posts\/8538\/revisions"}],"predecessor-version":[{"id":8540,"href":"https:\/\/cartagenaaldia.com\/index.php\/wp-json\/wp\/v2\/posts\/8538\/revisions\/8540"}],"wp:featuredmedia":[{"embeddable":true,"href":"https:\/\/cartagenaaldia.com\/index.php\/wp-json\/wp\/v2\/media\/8539"}],"wp:attachment":[{"href":"https:\/\/cartagenaaldia.com\/index.php\/wp-json\/wp\/v2\/media?parent=8538"}],"wp:term":[{"taxonomy":"category","embeddable":true,"href":"https:\/\/cartagenaaldia.com\/index.php\/wp-json\/wp\/v2\/categories?post=8538"},{"taxonomy":"post_tag","embeddable":true,"href":"https:\/\/cartagenaaldia.com\/index.php\/wp-json\/wp\/v2\/tags?post=8538"}],"curies":[{"name":"wp","href":"https:\/\/api.w.org\/{rel}","templated":true}]}}