{"id":8506,"date":"2025-02-21T22:23:13","date_gmt":"2025-02-22T03:23:13","guid":{"rendered":"https:\/\/cartagenaaldia.com\/?p=8506"},"modified":"2025-02-21T22:23:14","modified_gmt":"2025-02-22T03:23:14","slug":"consejo-gremial-de-bolivar-celebra-la-designacion-de-oscar-torres-yarzagaray-como-presidente-de-la-ani","status":"publish","type":"post","link":"https:\/\/cartagenaaldia.com\/index.php\/2025\/02\/21\/consejo-gremial-de-bolivar-celebra-la-designacion-de-oscar-torres-yarzagaray-como-presidente-de-la-ani\/","title":{"rendered":"Consejo Gremial de Bol\u00edvar celebra la designaci\u00f3n de \u00d3scar Torres Yarzagaray como presidente de la ANI"},"content":{"rendered":"\n<p><strong>Sala Redacci\u00f3n (IA). &#8211; <\/strong>El <strong>Consejo Gremial de Bol\u00edvar<\/strong> manifest\u00f3 su respaldo a la reciente designaci\u00f3n del economista <strong>\u00d3scar Torres Yarzagaray<\/strong> como presidente de la <strong>Agencia Nacional de Infraestructura (ANI)<\/strong>. La entidad expres\u00f3 su confianza en que su gesti\u00f3n impulse soluciones a los retos actuales del sector y, en particular, al avance del <strong>proyecto del Canal del Dique<\/strong>.<\/p>\n\n\n\n<p><strong>\u201cLe deseamos los mayores \u00e9xitos para atender los retos que actualmente tiene esta entidad, y esperamos con positivismo que, como conocedor de la realidad de nuestra regi\u00f3n, pueda atender con prontitud las dificultades que hoy atraviesa el proyecto del Canal del Dique\u201d<\/strong>, afirm\u00f3 <strong>Juan Camilo Oliveros<\/strong>, director ejecutivo del Consejo Gremial de Bol\u00edvar.<\/p>\n\n\n\n<p>Torres Yarzagaray asume el liderazgo de la ANI en un momento clave para la infraestructura del pa\u00eds, con proyectos estrat\u00e9gicos que buscan mejorar la conectividad y fortalecer el desarrollo regional. Su conocimiento del <strong>contexto local y las necesidades de Bol\u00edvar<\/strong> es visto como una oportunidad para dinamizar iniciativas fundamentales para el crecimiento del departamento y la regi\u00f3n Caribe.<\/p>\n\n\n\n<p>El Consejo Gremial de Bol\u00edvar reiter\u00f3 su disposici\u00f3n para trabajar en conjunto con la nueva administraci\u00f3n de la ANI, con el objetivo de avanzar en soluciones que impulsen la competitividad y el desarrollo sostenible del territorio.<\/p>\n","protected":false},"excerpt":{"rendered":"<p>El gremio espera avances en el proyecto del Canal del Dique bajo su liderazgo<\/p>\n","protected":false},"author":2,"featured_media":8508,"comment_status":"closed","ping_status":"closed","sticky":false,"template":"","format":"standard","meta":{"om_disable_all_campaigns":false,"_monsterinsights_skip_tracking":false,"_monsterinsights_sitenote_active":false,"_monsterinsights_sitenote_note":"","_monsterinsights_sitenote_category":0,"footnotes":""},"categories":[103,102],"tags":[663],"class_list":["post-8506","post","type-post","status-publish","format-standard","has-post-thumbnail","hentry","category-economia","category-generales","tag-concejo-gremial-bolivar"],"_links":{"self":[{"href":"https:\/\/cartagenaaldia.com\/index.php\/wp-json\/wp\/v2\/posts\/8506","targetHints":{"allow":["GET"]}}],"collection":[{"href":"https:\/\/cartagenaaldia.com\/index.php\/wp-json\/wp\/v2\/posts"}],"about":[{"href":"https:\/\/cartagenaaldia.com\/index.php\/wp-json\/wp\/v2\/types\/post"}],"author":[{"embeddable":true,"href":"https:\/\/cartagenaaldia.com\/index.php\/wp-json\/wp\/v2\/users\/2"}],"replies":[{"embeddable":true,"href":"https:\/\/cartagenaaldia.com\/index.php\/wp-json\/wp\/v2\/comments?post=8506"}],"version-history":[{"count":1,"href":"https:\/\/cartagenaaldia.com\/index.php\/wp-json\/wp\/v2\/posts\/8506\/revisions"}],"predecessor-version":[{"id":8507,"href":"https:\/\/cartagenaaldia.com\/index.php\/wp-json\/wp\/v2\/posts\/8506\/revisions\/8507"}],"wp:featuredmedia":[{"embeddable":true,"href":"https:\/\/cartagenaaldia.com\/index.php\/wp-json\/wp\/v2\/media\/8508"}],"wp:attachment":[{"href":"https:\/\/cartagenaaldia.com\/index.php\/wp-json\/wp\/v2\/media?parent=8506"}],"wp:term":[{"taxonomy":"category","embeddable":true,"href":"https:\/\/cartagenaaldia.com\/index.php\/wp-json\/wp\/v2\/categories?post=8506"},{"taxonomy":"post_tag","embeddable":true,"href":"https:\/\/cartagenaaldia.com\/index.php\/wp-json\/wp\/v2\/tags?post=8506"}],"curies":[{"name":"wp","href":"https:\/\/api.w.org\/{rel}","templated":true}]}}