{"id":8499,"date":"2025-02-21T20:32:45","date_gmt":"2025-02-22T01:32:45","guid":{"rendered":"https:\/\/cartagenaaldia.com\/?p=8499"},"modified":"2025-02-21T20:32:45","modified_gmt":"2025-02-22T01:32:45","slug":"cartagena-rinde-homenaje-a-los-guias-de-turismo-en-su-dia-internacional","status":"publish","type":"post","link":"https:\/\/cartagenaaldia.com\/index.php\/2025\/02\/21\/cartagena-rinde-homenaje-a-los-guias-de-turismo-en-su-dia-internacional\/","title":{"rendered":"Cartagena rinde homenaje a los gu\u00edas de turismo en su d\u00eda internacional"},"content":{"rendered":"\n<p><strong>Sala Redacci\u00f3n (IA). &#8211; <\/strong>Cada <strong>21 de febrero<\/strong>, el mundo celebra el <strong>D\u00eda Internacional del Gu\u00eda de Turismo<\/strong>, una fecha establecida en <strong>1990<\/strong> por la <strong>Federaci\u00f3n Mundial de Gu\u00edas Profesionales de Turismo (WFTGA)<\/strong> para reconocer la importancia de quienes hacen que cada destino cobre vida con sus relatos.<\/p>\n\n\n\n<p>En Cartagena de Indias, la empresa <strong>International Tourism Group (ITG)<\/strong>, a trav\u00e9s de sus marcas <strong>City Sightseeing Cartagena y Local Expert<\/strong>, junto con la <strong>Fundaci\u00f3n Centro Hist\u00f3rico de Cartagena<\/strong> y la <strong>Secretar\u00eda de Turismo<\/strong>, rindieron homenaje a <strong>m\u00e1s de 45 gu\u00edas tur\u00edsticos<\/strong>, destacando su labor como narradores de la historia y el patrimonio de la ciudad.<\/p>\n\n\n\n<p><strong>&#8220;El papel de los gu\u00edas de turismo es fundamental para Cartagena de Indias, una ciudad que vive de su historia, su cultura y su gente. Son ellos quienes, con su conocimiento y pasi\u00f3n, logran que cada visitante se lleve una experiencia aut\u00e9ntica y enriquecedora&#8221;<\/strong>, afirm\u00f3 <strong>Teremar Londo\u00f1o Zurek<\/strong>.<\/p>\n\n\n\n<p>Por su parte, <strong>Mar\u00eda Jos\u00e9 Pab\u00f3n<\/strong>, gerente general de ITG, resalt\u00f3 la importancia de dignificar la profesi\u00f3n de gu\u00eda tur\u00edstico:<\/p>\n\n\n\n<p><strong>&#8220;Los gu\u00edas son el alma de nuestra compa\u00f1\u00eda, los verdaderos anfitriones de la ciudad. Seguiremos comprometidos con su formaci\u00f3n y reconocimiento, porque son ellos quienes llevan la historia de Cartagena de Indias al mundo&#8221;<\/strong>.<\/p>\n\n\n\n<p><strong>Capacitaci\u00f3n y fortalecimiento del conocimiento patrimonial<\/strong><\/p>\n\n\n\n<p>Durante la jornada, la <strong>Fundaci\u00f3n Centro Hist\u00f3rico de Cartagena<\/strong> present\u00f3 la campa\u00f1a <strong>&#8220;Embajadores Globales del Patrimonio Cultural de Cartagena de Indias&#8221;<\/strong>, con el objetivo de fortalecer el conocimiento patrimonial de los gu\u00edas.<\/p>\n\n\n\n<p><strong>&#8220;Queremos que nuestros gu\u00edas comprendan la riqueza de nuestra historia y la importancia de preservarla. Son ellos quienes transmiten el valor de nuestro patrimonio material, inmaterial y natural a cada visitante&#8221;<\/strong>, expres\u00f3 <strong>Diana Mesa<\/strong>, directora de la fundaci\u00f3n.<\/p>\n\n\n\n<p>En preparaci\u00f3n para la <strong>Semana Santa<\/strong>, los historiadores <strong>Rodrigo Alfaro y Salim Osta<\/strong> ofrecieron una <strong>capacitaci\u00f3n especial<\/strong> para reforzar los conocimientos de los gu\u00edas sobre la conservaci\u00f3n y divulgaci\u00f3n del patrimonio cultural de la ciudad.<\/p>\n\n\n\n<p><strong>&#8220;Nuestro trabajo va m\u00e1s all\u00e1 de contar historias; es hacer que cada persona sienta la magia de Cartagena, que conecte con su gente y su cultura. Esta celebraci\u00f3n nos motiva a seguir creciendo y aprendiendo&#8221;<\/strong>, manifest\u00f3 <strong>Eddie Villamil<\/strong>, uno de los gu\u00edas homenajeados.<\/p>\n\n\n\n<p><strong>Una apuesta por experiencias tur\u00edsticas enriquecedoras<\/strong><\/p>\n\n\n\n<p>Adem\u00e1s, el <strong>Grupo Munay<\/strong>, comprometido con quienes hacen de cada recorrido una experiencia \u00fanica, se sum\u00f3 a la celebraci\u00f3n con la visi\u00f3n de <strong>enriquecer la oferta tur\u00edstica a trav\u00e9s de la gastronom\u00eda creativa<\/strong>.<\/p>\n\n\n\n<p>El evento cont\u00f3 con el respaldo de <strong>City Sightseeing Cartagena, Local Expert, la Secretar\u00eda de Turismo de Cartagena, la Fundaci\u00f3n Centro Hist\u00f3rico, Grupo Munay y el Centro Comercial La Serrezuela<\/strong>, quienes reiteraron su compromiso con el fortalecimiento del rol del <strong>gu\u00eda tur\u00edstico como pieza clave en la experiencia de los visitantes<\/strong>.<\/p>\n","protected":false},"excerpt":{"rendered":"<p>Reconocen su papel como embajadores del patrimonio y la cultura de la ciudad<\/p>\n","protected":false},"author":2,"featured_media":8504,"comment_status":"closed","ping_status":"closed","sticky":false,"template":"","format":"standard","meta":{"om_disable_all_campaigns":false,"_monsterinsights_skip_tracking":false,"_monsterinsights_sitenote_active":false,"_monsterinsights_sitenote_note":"","_monsterinsights_sitenote_category":0,"footnotes":""},"categories":[102,104],"tags":[682,683,478],"class_list":["post-8499","post","type-post","status-publish","format-standard","has-post-thumbnail","hentry","category-generales","category-turismo","tag-city-sightseeing-cartagena","tag-local-expert","tag-secretaria-turismo-cartagena"],"_links":{"self":[{"href":"https:\/\/cartagenaaldia.com\/index.php\/wp-json\/wp\/v2\/posts\/8499","targetHints":{"allow":["GET"]}}],"collection":[{"href":"https:\/\/cartagenaaldia.com\/index.php\/wp-json\/wp\/v2\/posts"}],"about":[{"href":"https:\/\/cartagenaaldia.com\/index.php\/wp-json\/wp\/v2\/types\/post"}],"author":[{"embeddable":true,"href":"https:\/\/cartagenaaldia.com\/index.php\/wp-json\/wp\/v2\/users\/2"}],"replies":[{"embeddable":true,"href":"https:\/\/cartagenaaldia.com\/index.php\/wp-json\/wp\/v2\/comments?post=8499"}],"version-history":[{"count":1,"href":"https:\/\/cartagenaaldia.com\/index.php\/wp-json\/wp\/v2\/posts\/8499\/revisions"}],"predecessor-version":[{"id":8500,"href":"https:\/\/cartagenaaldia.com\/index.php\/wp-json\/wp\/v2\/posts\/8499\/revisions\/8500"}],"wp:featuredmedia":[{"embeddable":true,"href":"https:\/\/cartagenaaldia.com\/index.php\/wp-json\/wp\/v2\/media\/8504"}],"wp:attachment":[{"href":"https:\/\/cartagenaaldia.com\/index.php\/wp-json\/wp\/v2\/media?parent=8499"}],"wp:term":[{"taxonomy":"category","embeddable":true,"href":"https:\/\/cartagenaaldia.com\/index.php\/wp-json\/wp\/v2\/categories?post=8499"},{"taxonomy":"post_tag","embeddable":true,"href":"https:\/\/cartagenaaldia.com\/index.php\/wp-json\/wp\/v2\/tags?post=8499"}],"curies":[{"name":"wp","href":"https:\/\/api.w.org\/{rel}","templated":true}]}}