{"id":8487,"date":"2025-02-20T23:25:17","date_gmt":"2025-02-21T04:25:17","guid":{"rendered":"https:\/\/cartagenaaldia.com\/?p=8487"},"modified":"2025-02-20T23:25:17","modified_gmt":"2025-02-21T04:25:17","slug":"nuevo-vuelo-directo-entre-cartagena-y-ciudad-de-mexico-impulsara-el-turismo-y-el-comercio","status":"publish","type":"post","link":"https:\/\/cartagenaaldia.com\/index.php\/2025\/02\/20\/nuevo-vuelo-directo-entre-cartagena-y-ciudad-de-mexico-impulsara-el-turismo-y-el-comercio\/","title":{"rendered":"Nuevo vuelo directo entre Cartagena y Ciudad de M\u00e9xico impulsar\u00e1 el turismo y el comercio"},"content":{"rendered":"\n<p><strong>Sala Redacci\u00f3n (IA). &#8211; <\/strong>Cartagena da un paso m\u00e1s en su consolidaci\u00f3n como un destino tur\u00edstico y comercial de talla internacional con la inauguraci\u00f3n de un nuevo <strong>vuelo directo entre Cartagena y Ciudad de M\u00e9xico<\/strong>. Esta conexi\u00f3n a\u00e9rea, que responde a la creciente demanda de viajeros y empresarios, representa <strong>un impulso clave para el turismo, la inversi\u00f3n y el comercio<\/strong> en la ciudad.<\/p>\n\n\n\n<p>El director Ejecutivo del <strong>Consejo Gremial de Bol\u00edvar, Juan Camilo Oliveros<\/strong>, destac\u00f3 la importancia de este hito:<\/p>\n\n\n\n<p>\u201cM\u00e9xico es un mercado estrat\u00e9gico para Cartagena, no solo por el turismo, sino tambi\u00e9n por las oportunidades de inversi\u00f3n y comercio que se abren con esta conexi\u00f3n. Con m\u00e1s de 100 mil turistas mexicanos proyectados anualmente, el impacto en la hoteler\u00eda, el comercio y la gastronom\u00eda ser\u00e1 significativo\u201d.<\/p>\n\n\n\n<p><strong>Turismo en crecimiento y mayor dinamismo econ\u00f3mico<\/strong><\/p>\n\n\n\n<p>Con esta nueva ruta, Cartagena espera recibir <strong>m\u00e1s visitantes mexicanos<\/strong>, lo que se traducir\u00e1 en un incremento en la ocupaci\u00f3n hotelera, el consumo en restaurantes y la dinamizaci\u00f3n del sector tur\u00edstico en general.<\/p>\n\n\n\n<p>Adem\u00e1s, la conexi\u00f3n facilitar\u00e1 el acceso a empresarios mexicanos interesados en la oferta exportadora de Cartagena, promoviendo sectores clave como:<\/p>\n\n\n\n<ul class=\"wp-block-list\">\n<li><strong>Manufactura<\/strong><\/li>\n\n\n\n<li><strong>Econom\u00eda naranja<\/strong><\/li>\n\n\n\n<li><strong>Industria tecnol\u00f3gica<\/strong><\/li>\n<\/ul>\n\n\n\n<p>Este nuevo vuelo <strong>reduce costos y tiempos de viaje<\/strong>, fortaleciendo la relaci\u00f3n bilateral entre M\u00e9xico y la regi\u00f3n Caribe colombiana.<\/p>\n\n\n\n<p><strong>Cartagena, destino global de grandes oportunidades<\/strong><\/p>\n\n\n\n<p>Con este anuncio, la capital de Bol\u00edvar reafirma su posici\u00f3n como <strong>una ciudad estrat\u00e9gica para el comercio internacional y el turismo<\/strong>.<\/p>\n\n\n\n<p>Oliveros hizo un llamado a empresarios y ciudadanos a aprovechar esta conexi\u00f3n:<\/p>\n\n\n\n<p>\u201cInvitamos a todos a aprovechar esta nueva conexi\u00f3n a\u00e9rea y a seguir trabajando juntos para consolidar a Cartagena como un destino de talla internacional y de grandes oportunidades\u201d.<\/p>\n\n\n\n<p>Este vuelo directo entre <strong>Cartagena y Ciudad de M\u00e9xico<\/strong> marca el inicio de una nueva etapa en la conectividad de la ciudad, proyect\u00e1ndola como un centro de negocios y turismo en el continente.<\/p>\n","protected":false},"excerpt":{"rendered":"<p>Nuevo vuelo directo entre Cartagena y Ciudad de M\u00e9xico impulsar\u00e1 el turismo y el comercio<\/p>\n","protected":false},"author":2,"featured_media":8488,"comment_status":"closed","ping_status":"closed","sticky":false,"template":"","format":"standard","meta":{"om_disable_all_campaigns":false,"_monsterinsights_skip_tracking":false,"_monsterinsights_sitenote_active":false,"_monsterinsights_sitenote_note":"","_monsterinsights_sitenote_category":0,"footnotes":""},"categories":[102,104],"tags":[681,663],"class_list":["post-8487","post","type-post","status-publish","format-standard","has-post-thumbnail","hentry","category-generales","category-turismo","tag-aeromexico","tag-concejo-gremial-bolivar"],"_links":{"self":[{"href":"https:\/\/cartagenaaldia.com\/index.php\/wp-json\/wp\/v2\/posts\/8487","targetHints":{"allow":["GET"]}}],"collection":[{"href":"https:\/\/cartagenaaldia.com\/index.php\/wp-json\/wp\/v2\/posts"}],"about":[{"href":"https:\/\/cartagenaaldia.com\/index.php\/wp-json\/wp\/v2\/types\/post"}],"author":[{"embeddable":true,"href":"https:\/\/cartagenaaldia.com\/index.php\/wp-json\/wp\/v2\/users\/2"}],"replies":[{"embeddable":true,"href":"https:\/\/cartagenaaldia.com\/index.php\/wp-json\/wp\/v2\/comments?post=8487"}],"version-history":[{"count":1,"href":"https:\/\/cartagenaaldia.com\/index.php\/wp-json\/wp\/v2\/posts\/8487\/revisions"}],"predecessor-version":[{"id":8489,"href":"https:\/\/cartagenaaldia.com\/index.php\/wp-json\/wp\/v2\/posts\/8487\/revisions\/8489"}],"wp:featuredmedia":[{"embeddable":true,"href":"https:\/\/cartagenaaldia.com\/index.php\/wp-json\/wp\/v2\/media\/8488"}],"wp:attachment":[{"href":"https:\/\/cartagenaaldia.com\/index.php\/wp-json\/wp\/v2\/media?parent=8487"}],"wp:term":[{"taxonomy":"category","embeddable":true,"href":"https:\/\/cartagenaaldia.com\/index.php\/wp-json\/wp\/v2\/categories?post=8487"},{"taxonomy":"post_tag","embeddable":true,"href":"https:\/\/cartagenaaldia.com\/index.php\/wp-json\/wp\/v2\/tags?post=8487"}],"curies":[{"name":"wp","href":"https:\/\/api.w.org\/{rel}","templated":true}]}}