{"id":8466,"date":"2025-02-19T16:21:56","date_gmt":"2025-02-19T21:21:56","guid":{"rendered":"https:\/\/cartagenaaldia.com\/?p=8466"},"modified":"2025-02-19T16:21:57","modified_gmt":"2025-02-19T21:21:57","slug":"procuraduria-alerta-sobre-hacinamiento-critico-en-estaciones-de-policia-del-atlantico","status":"publish","type":"post","link":"https:\/\/cartagenaaldia.com\/index.php\/2025\/02\/19\/procuraduria-alerta-sobre-hacinamiento-critico-en-estaciones-de-policia-del-atlantico\/","title":{"rendered":"Procuradur\u00eda alerta sobre hacinamiento cr\u00edtico en estaciones de polic\u00eda del Atl\u00e1ntico"},"content":{"rendered":"\n<p>Sala Redacci\u00f3n (IA). &#8211; La <strong>Procuradur\u00eda General de la Naci\u00f3n (@PGN_COL)<\/strong> ha hecho un llamado urgente a las autoridades competentes para que adopten <strong>medidas inmediatas<\/strong> que garanticen condiciones dignas a las personas privadas de la libertad (ppl) en <strong>estaciones de polic\u00eda y centros de reclusi\u00f3n del Atl\u00e1ntico<\/strong>, tras evidenciar <strong>graves niveles de hacinamiento<\/strong> y deficiencias en infraestructura, alimentaci\u00f3n y acceso a servicios b\u00e1sicos.<\/p>\n\n\n\n<p>En una labor de <strong>seguimiento y verificaci\u00f3n<\/strong>, la Procuradur\u00eda visit\u00f3 <strong>9 estaciones de polic\u00eda, 2 Centros Transitorios de Detenci\u00f3n, 2 Centros de Rehabilitaci\u00f3n y 2 Centros de Atenci\u00f3n Inmediata (CAI)<\/strong> en <strong>Barranquilla, Puerto Colombia, Malambo, Soledad y Galapa<\/strong>, donde encontr\u00f3 situaciones alarmantes que vulneran los derechos humanos de los reclusos.<\/p>\n\n\n\n<p><strong>Hacinamiento cr\u00edtico en estaciones de polic\u00eda<\/strong><\/p>\n\n\n\n<p>El ente de control destac\u00f3 particularmente los casos de las estaciones de polic\u00eda de <strong>Soledad 2.000 (387 %) y San Jos\u00e9, Barranquilla (380 %)<\/strong>, donde el hacinamiento alcanza niveles cr\u00edticos, poniendo en riesgo la salud y la dignidad de las personas detenidas.<\/p>\n\n\n\n<p>Adem\u00e1s del sobrecupo, la Procuradur\u00eda encontr\u00f3 <strong>falta de infraestructura adecuada, acceso limitado al agua potable, condiciones higi\u00e9nicas deficientes, escasa atenci\u00f3n m\u00e9dica y deficiencias en la alimentaci\u00f3n<\/strong>, ya que la provisi\u00f3n de comida <strong>depende en gran parte de donaciones externas<\/strong>.<\/p>\n\n\n\n<p><strong>Acciones y requerimientos de la Procuradur\u00eda<\/strong><\/p>\n\n\n\n<p>Como parte de su actuaci\u00f3n preventiva, la <strong>Procuradur\u00eda Provincial de Instrucci\u00f3n de Barranquilla<\/strong> ha solicitado a los alcaldes de <strong>Soledad y Galapa<\/strong> que entreguen un informe detallado sobre <strong>los planes de financiaci\u00f3n para mejorar las condiciones de habitabilidad<\/strong> en sus estaciones de polic\u00eda.<\/p>\n\n\n\n<p>As\u00ed mismo, se les ha requerido que informen si, al <strong>12 de febrero de 2025<\/strong>, cuentan con <strong>convenios vigentes con el Instituto Nacional Penitenciario y Carcelario (INPEC)<\/strong> para el traslado de personas condenadas, evitando que estas permanezcan en espacios destinados a la detenci\u00f3n preventiva.<\/p>\n\n\n\n<p>La Procuradur\u00eda record\u00f3 que <strong>los alcaldes son la primera autoridad de polic\u00eda en sus municipios<\/strong>, por lo que tienen la responsabilidad de garantizar el <strong>orden p\u00fablico y el cumplimiento de las medidas de aseguramiento<\/strong>, velando por los derechos fundamentales de todas las personas privadas de la libertad en sus territorios.<\/p>\n\n\n\n<p><strong>Exigencias y pr\u00f3ximos pasos<\/strong><\/p>\n\n\n\n<p>El ente de control inst\u00f3 a todas las entidades involucradas a tomar <strong>acciones concretas e inmediatas<\/strong> para mejorar la infraestructura carcelaria y garantizar condiciones dignas para los internos. Adem\u00e1s, se espera que el INPEC y las administraciones municipales trabajen en conjunto para <strong>descongestionar las estaciones de polic\u00eda y asegurar el traslado oportuno de los reclusos a centros penitenciarios adecuados<\/strong>.<\/p>\n\n\n\n<p>La Procuradur\u00eda en su labor de <strong>seguimiento y verificaci\u00f3n<\/strong>, advirtiendo que la persistencia de estas condiciones podr\u00eda derivar en <strong>responsabilidades disciplinarias y legales para las autoridades competentes<\/strong>.<\/p>\n","protected":false},"excerpt":{"rendered":"<p>Entidades competentes deben tomar medidas urgentes para garantizar condiciones dignas a los reclusos<\/p>\n","protected":false},"author":2,"featured_media":8468,"comment_status":"closed","ping_status":"closed","sticky":false,"template":"","format":"standard","meta":{"om_disable_all_campaigns":false,"_monsterinsights_skip_tracking":false,"_monsterinsights_sitenote_active":false,"_monsterinsights_sitenote_note":"","_monsterinsights_sitenote_category":0,"footnotes":""},"categories":[102,111],"tags":[294],"class_list":["post-8466","post","type-post","status-publish","format-standard","has-post-thumbnail","hentry","category-generales","category-justicia","tag-procuraduria-general-de-la-nacion"],"_links":{"self":[{"href":"https:\/\/cartagenaaldia.com\/index.php\/wp-json\/wp\/v2\/posts\/8466","targetHints":{"allow":["GET"]}}],"collection":[{"href":"https:\/\/cartagenaaldia.com\/index.php\/wp-json\/wp\/v2\/posts"}],"about":[{"href":"https:\/\/cartagenaaldia.com\/index.php\/wp-json\/wp\/v2\/types\/post"}],"author":[{"embeddable":true,"href":"https:\/\/cartagenaaldia.com\/index.php\/wp-json\/wp\/v2\/users\/2"}],"replies":[{"embeddable":true,"href":"https:\/\/cartagenaaldia.com\/index.php\/wp-json\/wp\/v2\/comments?post=8466"}],"version-history":[{"count":1,"href":"https:\/\/cartagenaaldia.com\/index.php\/wp-json\/wp\/v2\/posts\/8466\/revisions"}],"predecessor-version":[{"id":8467,"href":"https:\/\/cartagenaaldia.com\/index.php\/wp-json\/wp\/v2\/posts\/8466\/revisions\/8467"}],"wp:featuredmedia":[{"embeddable":true,"href":"https:\/\/cartagenaaldia.com\/index.php\/wp-json\/wp\/v2\/media\/8468"}],"wp:attachment":[{"href":"https:\/\/cartagenaaldia.com\/index.php\/wp-json\/wp\/v2\/media?parent=8466"}],"wp:term":[{"taxonomy":"category","embeddable":true,"href":"https:\/\/cartagenaaldia.com\/index.php\/wp-json\/wp\/v2\/categories?post=8466"},{"taxonomy":"post_tag","embeddable":true,"href":"https:\/\/cartagenaaldia.com\/index.php\/wp-json\/wp\/v2\/tags?post=8466"}],"curies":[{"name":"wp","href":"https:\/\/api.w.org\/{rel}","templated":true}]}}