{"id":8454,"date":"2025-02-18T23:39:24","date_gmt":"2025-02-19T04:39:24","guid":{"rendered":"https:\/\/cartagenaaldia.com\/?p=8454"},"modified":"2025-02-19T18:20:53","modified_gmt":"2025-02-19T23:20:53","slug":"bolivar-lanza-su-primera-ruta-de-cruceros-por-el-rio-magdalena-en-marzo","status":"publish","type":"post","link":"https:\/\/cartagenaaldia.com\/index.php\/2025\/02\/18\/bolivar-lanza-su-primera-ruta-de-cruceros-por-el-rio-magdalena-en-marzo\/","title":{"rendered":"Bol\u00edvar lanza su primera ruta de cruceros por el r\u00edo Magdalena en marzo"},"content":{"rendered":"\n<p><strong>Sala Redacci\u00f3n (IA). &#8211; <\/strong>El pr\u00f3ximo 15 de marzo marcar\u00e1 un hito en la historia del turismo en Bol\u00edvar con el inicio de la primera ruta de cruceros por el r\u00edo Magdalena. Este innovador proyecto, liderado por la Gobernaci\u00f3n de Bol\u00edvar, tiene como objetivo diversificar la oferta tur\u00edstica del departamento y convertir a las poblaciones ribere\u00f1as en destinos de primer nivel.<\/p>\n\n\n\n<p>Con esta iniciativa, municipios como Calamar, Magangu\u00e9, Mompox y Gambote recibir\u00e1n a turistas nacionales e internacionales que podr\u00e1n descubrir la riqueza cultural, gastron\u00f3mica e hist\u00f3rica de estos territorios. Adem\u00e1s de impulsar el turismo, el proyecto busca dinamizar la econom\u00eda local, generar empleo y mejorar la infraestructura de estas comunidades.<\/p>\n\n\n\n<p><strong>Una estrategia para visibilizar el Bol\u00edvar m\u00e1s all\u00e1 de Cartagena<\/strong><\/p>\n\n\n\n<p>Desde su posesi\u00f3n en 2024, el gobernador de Bol\u00edvar, Yamil Arana Padau\u00ed, ha impulsado una estrategia integral para descentralizar el turismo en el departamento y resaltar la identidad bolivarense m\u00e1s all\u00e1 de Cartagena.<\/p>\n\n\n\n<p>\u201cLe hemos puesto todo el coraz\u00f3n a este proyecto, convencidos de que Bol\u00edvar es mucho m\u00e1s que las murallas y las playas de Cartagena. Nuestros municipios tienen una riqueza hist\u00f3rica, gastron\u00f3mica y cultural invaluable, y con este esfuerzo buscamos llevar transformaci\u00f3n a comunidades que lo necesitan\u201d, afirm\u00f3 el gobernador Arana Padau\u00ed.<\/p>\n\n\n\n<p>Para garantizar una experiencia de calidad a los visitantes, la Gobernaci\u00f3n ha invertido en mejorar la infraestructura y embellecer espacios p\u00fablicos. Entre los proyectos m\u00e1s destacados est\u00e1 <strong>M\u00e1s Vida + Palenque<\/strong>, una iniciativa en alianza con la Fundaci\u00f3n Santo Domingo y la Fundaci\u00f3n Pintuco, que ha intervenido m\u00e1s de 32.000 metros cuadrados con pintura de fachadas y murales en San Basilio de Palenque.<\/p>\n\n\n\n<p>Este corregimiento, reconocido como el primer pueblo libre de Am\u00e9rica y Patrimonio Cultural e Inmaterial de la Humanidad, ser\u00e1 una de las principales paradas del recorrido de los cruceros. Desde Gambote (Arjona), los viajeros podr\u00e1n trasladarse por tierra hasta Palenque para conocer su historia, su legado africano y su vibrante cultura.<\/p>\n\n\n\n<p><strong>Inversi\u00f3n en infraestructura para potenciar el turismo fluvial<\/strong><\/p>\n\n\n\n<p>El lanzamiento de esta ruta de cruceros tambi\u00e9n ha llevado a la Gobernaci\u00f3n a ejecutar diversas obras de infraestructura en municipios estrat\u00e9gicos para fortalecer la experiencia tur\u00edstica:<\/p>\n\n\n\n<ul class=\"wp-block-list\">\n<li><strong>Calamar:<\/strong> Se ejecutar\u00e1 una millonaria inversi\u00f3n para revitalizar su centro urbano, recuperar espacios p\u00fablicos y construir un malec\u00f3n en la desembocadura del Canal del Dique.<\/li>\n\n\n\n<li><strong>Magangu\u00e9:<\/strong> Se adelantan obras de tablaestacado para mitigar la erosi\u00f3n del r\u00edo, as\u00ed como la construcci\u00f3n del Gran Malec\u00f3n del R\u00edo, un centro gastron\u00f3mico y la renovaci\u00f3n del centro hist\u00f3rico republicano.<\/li>\n\n\n\n<li><strong>Mompox:<\/strong> Como Patrimonio Hist\u00f3rico y Cultural de la Humanidad, Mompox sigue benefici\u00e1ndose de inversiones en infraestructura. Entre los avances se destacan la construcci\u00f3n del <strong>Parque del Jazz<\/strong>, la rehabilitaci\u00f3n de calles en el Centro Hist\u00f3rico y sectores como Las Boquillas, Juan XXIII, 1\u00b0 de Octubre, Villa de Leyva y La Granja. Adem\u00e1s, el programa <strong>COMPI y Mompox Inteligente<\/strong> est\u00e1 instalando 14 zonas WiFi gratuitas para mejorar la conectividad de la poblaci\u00f3n y los visitantes.<\/li>\n<\/ul>\n\n\n\n<p><strong>Los cruceros que marcar\u00e1n el inicio de esta nueva era tur\u00edstica<\/strong><\/p>\n\n\n\n<p>Los primeros cruceros en navegar la ruta del Magdalena ser\u00e1n el <strong>AmaMagdalena<\/strong>, con capacidad para 60 pasajeros en 30 cabinas, y el <strong>AmaMelodia<\/strong>, con 64 hu\u00e9spedes en 32 cabinas. Ambas embarcaciones son operadas por la reconocida firma <strong>AmaWaterways<\/strong>, especializada en experiencias fluviales de lujo.<\/p>\n\n\n\n<p>El itinerario de estos cruceros iniciar\u00e1 en el <strong>Muelle de La Bodeguita en Cartagena<\/strong>, desde donde recorrer\u00e1n aproximadamente el <strong>75% de su trayecto en territorio bolivarense<\/strong>. Las paradas principales ser\u00e1n <strong>Calamar, Magangu\u00e9, Mompox y Gambote<\/strong>, antes de finalizar en Palenque.<\/p>\n\n\n\n<p>Para garantizar el \u00e9xito del proyecto, la Gobernaci\u00f3n de Bol\u00edvar, el Distrito de Cartagena y AmaWaterways han llevado a cabo mesas de trabajo para coordinar la log\u00edstica y los detalles operativos de la experiencia.<\/p>\n\n\n\n<p><strong>El Magdalena, eje de la reactivaci\u00f3n econ\u00f3mica regional<\/strong><\/p>\n\n\n\n<p>La navegaci\u00f3n de cruceros por el r\u00edo Magdalena representa una oportunidad \u00fanica para consolidar a Bol\u00edvar como un destino tur\u00edstico integral. M\u00e1s all\u00e1 de Cartagena, el departamento cuenta con un vasto territorio lleno de historia, cultura y naturaleza que hasta ahora ha permanecido poco explorado por el turismo masivo.<\/p>\n\n\n\n<p>El gobernador Yamil Arana Padau\u00ed y su equipo han enfatizado que este proyecto <strong>no solo atraer\u00e1 visitantes, sino que tambi\u00e9n generar\u00e1 empleo, incentivar\u00e1 la inversi\u00f3n y fortalecer\u00e1 el comercio local en los municipios ribere\u00f1os<\/strong>.<\/p>\n\n\n\n<p>\u201cLa activaci\u00f3n del turismo fluvial es una apuesta estrat\u00e9gica para el desarrollo de Bol\u00edvar. Vamos a posicionar nuestros municipios como referentes en turismo cultural, hist\u00f3rico y ecol\u00f3gico, promoviendo la inclusi\u00f3n y el crecimiento econ\u00f3mico de nuestras comunidades\u201d, destac\u00f3 Arana Padau\u00ed.<\/p>\n\n\n\n<p>Con el lanzamiento de esta ruta de cruceros, Bol\u00edvar reafirma su liderazgo en innovaci\u00f3n tur\u00edstica y demuestra que el Magdalena no solo es una arteria fluvial vital para el pa\u00eds, sino tambi\u00e9n un eje clave para la reactivaci\u00f3n econ\u00f3mica y la integraci\u00f3n territorial.<\/p>\n\n\n\n<p>Este 15 de marzo, el r\u00edo Magdalena no solo ser\u00e1 testigo del inicio de una nueva ruta tur\u00edstica, sino del renacer de un turismo m\u00e1s inclusivo, sostenible y lleno de oportunidades para toda la regi\u00f3n.<\/p>\n\n\n\n<figure class=\"wp-block-gallery has-nested-images columns-default is-cropped wp-block-gallery-1 is-layout-flex wp-block-gallery-is-layout-flex\">\n<figure class=\"wp-block-image size-large\"><img fetchpriority=\"high\" decoding=\"async\" width=\"1024\" height=\"1024\" data-id=\"8469\" src=\"https:\/\/cartagenaaldia.com\/wp-content\/uploads\/2025\/02\/Crucero-Del-Rio-1-1024x1024.webp\" alt=\"\" class=\"wp-image-8469\"\/><\/figure>\n\n\n\n<figure class=\"wp-block-image size-large\"><img decoding=\"async\" width=\"1024\" height=\"1024\" data-id=\"8470\" src=\"https:\/\/cartagenaaldia.com\/wp-content\/uploads\/2025\/02\/Crucero-Del-Rio-2-1024x1024.webp\" alt=\"\" class=\"wp-image-8470\"\/><\/figure>\n\n\n\n<figure class=\"wp-block-image size-large\"><img decoding=\"async\" width=\"1024\" height=\"1024\" data-id=\"8471\" src=\"https:\/\/cartagenaaldia.com\/wp-content\/uploads\/2025\/02\/Crucero-Del-Rio-3-1024x1024.webp\" alt=\"\" class=\"wp-image-8471\"\/><\/figure>\n<\/figure>\n","protected":false},"excerpt":{"rendered":"<p>La iniciativa busca potenciar el turismo, la econom\u00eda y la infraestructura en municipios ribere\u00f1os<\/p>\n","protected":false},"author":2,"featured_media":8456,"comment_status":"closed","ping_status":"closed","sticky":false,"template":"","format":"standard","meta":{"om_disable_all_campaigns":false,"_monsterinsights_skip_tracking":false,"_monsterinsights_sitenote_active":false,"_monsterinsights_sitenote_note":"","_monsterinsights_sitenote_category":0,"footnotes":""},"categories":[102,104],"tags":[380,264],"class_list":["post-8454","post","type-post","status-publish","format-standard","has-post-thumbnail","hentry","category-generales","category-turismo","tag-gobernacion-bolivar","tag-yamil-arana"],"_links":{"self":[{"href":"https:\/\/cartagenaaldia.com\/index.php\/wp-json\/wp\/v2\/posts\/8454","targetHints":{"allow":["GET"]}}],"collection":[{"href":"https:\/\/cartagenaaldia.com\/index.php\/wp-json\/wp\/v2\/posts"}],"about":[{"href":"https:\/\/cartagenaaldia.com\/index.php\/wp-json\/wp\/v2\/types\/post"}],"author":[{"embeddable":true,"href":"https:\/\/cartagenaaldia.com\/index.php\/wp-json\/wp\/v2\/users\/2"}],"replies":[{"embeddable":true,"href":"https:\/\/cartagenaaldia.com\/index.php\/wp-json\/wp\/v2\/comments?post=8454"}],"version-history":[{"count":2,"href":"https:\/\/cartagenaaldia.com\/index.php\/wp-json\/wp\/v2\/posts\/8454\/revisions"}],"predecessor-version":[{"id":8472,"href":"https:\/\/cartagenaaldia.com\/index.php\/wp-json\/wp\/v2\/posts\/8454\/revisions\/8472"}],"wp:featuredmedia":[{"embeddable":true,"href":"https:\/\/cartagenaaldia.com\/index.php\/wp-json\/wp\/v2\/media\/8456"}],"wp:attachment":[{"href":"https:\/\/cartagenaaldia.com\/index.php\/wp-json\/wp\/v2\/media?parent=8454"}],"wp:term":[{"taxonomy":"category","embeddable":true,"href":"https:\/\/cartagenaaldia.com\/index.php\/wp-json\/wp\/v2\/categories?post=8454"},{"taxonomy":"post_tag","embeddable":true,"href":"https:\/\/cartagenaaldia.com\/index.php\/wp-json\/wp\/v2\/tags?post=8454"}],"curies":[{"name":"wp","href":"https:\/\/api.w.org\/{rel}","templated":true}]}}