{"id":8451,"date":"2025-02-18T23:17:56","date_gmt":"2025-02-19T04:17:56","guid":{"rendered":"https:\/\/cartagenaaldia.com\/?p=8451"},"modified":"2025-02-18T23:17:57","modified_gmt":"2025-02-19T04:17:57","slug":"satena-implementa-energia-solar-en-mantenimiento-de-aeronaves-para-reducir-huella-de-carbono","status":"publish","type":"post","link":"https:\/\/cartagenaaldia.com\/index.php\/2025\/02\/18\/satena-implementa-energia-solar-en-mantenimiento-de-aeronaves-para-reducir-huella-de-carbono\/","title":{"rendered":"SATENA implementa energ\u00eda solar en mantenimiento de aeronaves para reducir huella de carbono"},"content":{"rendered":"\n<p><strong>Sala Redacci\u00f3n (IA). &#8211; <\/strong>SATENA, la aerol\u00ednea estatal de los colombianos, contin\u00faa avanzando en su compromiso con la sostenibilidad al incorporar un innovador sistema de enfriamiento de motores con energ\u00eda solar. Esta iniciativa, que comenz\u00f3 a operar en la ruta entre San Andr\u00e9s y Providencia, permite optimizar el mantenimiento de sus aeronaves ATR 42 y reducir significativamente su huella de carbono.<\/p>\n\n\n\n<p>La implementaci\u00f3n de esta tecnolog\u00eda responde a los desaf\u00edos ambientales que enfrentan las operaciones a\u00e9reas en entornos costeros. La alta salinidad presente en el ambiente de San Andr\u00e9s y Providencia acelera el desgaste de los motores de las aeronaves, lo que requiere un mantenimiento constante para garantizar la seguridad y eficiencia operativa. Como parte de su estrategia de sostenibilidad, SATENA ha incorporado lavados de compresor en los motores y ha desarrollado un sistema de ventiladores alimentados por energ\u00eda solar, permitiendo una reducci\u00f3n en los tiempos de mantenimiento y en el consumo de combustibles f\u00f3siles.<\/p>\n\n\n\n<p><strong>Un paso hacia una aviaci\u00f3n m\u00e1s sostenible<\/strong><\/p>\n\n\n\n<p>El Mayor General \u00d3scar Zuluaga Casta\u00f1o, presidente de SATENA, destac\u00f3 la importancia de esta iniciativa en la optimizaci\u00f3n de los procesos operativos de la aerol\u00ednea. &#8220;Este avance representa un logro significativo para SATENA, ya que no solo mejora el rendimiento de nuestras aeronaves, sino que tambi\u00e9n optimiza los tiempos de mantenimiento y reduce costos operativos. La transici\u00f3n a energ\u00eda solar en este proceso es un paso clave en nuestro compromiso con una aviaci\u00f3n m\u00e1s sostenible y eficiente&#8221;, afirm\u00f3 el directivo.<\/p>\n\n\n\n<p>Hasta hace poco, los ventiladores utilizados para el enfriamiento de los motores funcionaban con una planta el\u00e9ctrica a gasolina, lo que implicaba un alto consumo de combustible y la emisi\u00f3n de gases contaminantes. Con la implementaci\u00f3n de paneles solares, la aerol\u00ednea ha logrado eliminar el uso de combustibles f\u00f3siles en esta etapa del mantenimiento, reduciendo as\u00ed su impacto ambiental.<\/p>\n\n\n\n<p><strong>Beneficios operativos y ambientales<\/strong><\/p>\n\n\n\n<p>La transici\u00f3n a un sistema de enfriamiento basado en energ\u00eda solar trae consigo m\u00faltiples beneficios tanto para la aerol\u00ednea como para el medio ambiente. Entre las principales ventajas se encuentran:<\/p>\n\n\n\n<ul class=\"wp-block-list\">\n<li><strong>Reducci\u00f3n de emisiones contaminantes:<\/strong> Al sustituir la energ\u00eda de combustibles f\u00f3siles por una fuente limpia y renovable, se disminuye la huella de carbono de SATENA.<\/li>\n\n\n\n<li><strong>Optimizaci\u00f3n de tiempos de mantenimiento:<\/strong> El uso de ventiladores solares permite un enfriamiento m\u00e1s r\u00e1pido de los motores, lo que agiliza las inspecciones y alistamientos de las aeronaves.<\/li>\n\n\n\n<li><strong>Ahorro en costos operativos:<\/strong> La eliminaci\u00f3n del consumo de gasolina en esta fase del mantenimiento representa una reducci\u00f3n significativa en los gastos de operaci\u00f3n.<\/li>\n\n\n\n<li><strong>Mayor disponibilidad de aeronaves:<\/strong> Al disminuir los tiempos de mantenimiento, los aviones pueden estar en servicio con mayor frecuencia, beneficiando la conectividad a\u00e9rea.<\/li>\n<\/ul>\n\n\n\n<p><strong>Expansi\u00f3n del modelo a otras bases operativas<\/strong><\/p>\n\n\n\n<p>La exitosa implementaci\u00f3n de este sistema en la ruta San Andr\u00e9s-Providencia ha llevado a SATENA a considerar su expansi\u00f3n a otras bases operativas en el pa\u00eds. Entre los centros estrat\u00e9gicos donde se espera replicar este modelo se encuentran Medell\u00edn y Cali, ciudades con operaciones cercanas al oc\u00e9ano Pac\u00edfico y con condiciones clim\u00e1ticas que tambi\u00e9n pueden beneficiarse de esta tecnolog\u00eda.<\/p>\n\n\n\n<p>El objetivo de SATENA es seguir innovando en la aplicaci\u00f3n de soluciones sostenibles que contribuyan al desarrollo de una aviaci\u00f3n m\u00e1s eficiente y amigable con el medio ambiente. La aerol\u00ednea ha manifestado su inter\u00e9s en explorar nuevas tecnolog\u00edas que permitan reducir a\u00fan m\u00e1s su impacto ambiental, aline\u00e1ndose con los esfuerzos globales de descarbonizaci\u00f3n del sector a\u00e9reo.<\/p>\n\n\n\n<p><strong>SATENA, un referente en sostenibilidad y conectividad regional<\/strong><\/p>\n\n\n\n<p>Con esta iniciativa, SATENA refuerza su liderazgo en la adopci\u00f3n de tecnolog\u00edas innovadoras para la aviaci\u00f3n regional. La compa\u00f1\u00eda ha demostrado su compromiso con la conectividad de las zonas m\u00e1s apartadas del pa\u00eds, garantizando un servicio seguro y eficiente mientras implementa medidas responsables con el medio ambiente.<\/p>\n\n\n\n<p>La transici\u00f3n hacia una operaci\u00f3n m\u00e1s sostenible es un desaf\u00edo global en la industria aeron\u00e1utica, y SATENA se posiciona como un referente en Colombia al apostar por soluciones que minimicen el impacto ambiental sin comprometer la calidad y seguridad de su servicio.<\/p>\n\n\n\n<p>A medida que avanza la implementaci\u00f3n de esta tecnolog\u00eda en otras rutas, se espera que m\u00e1s aerol\u00edneas adopten iniciativas similares, contribuyendo al desarrollo de un transporte a\u00e9reo m\u00e1s responsable y alineado con las exigencias medioambientales del futuro.<\/p>\n\n\n\n<p>Con estas acciones, SATENA no solo optimiza su operaci\u00f3n y reduce costos, sino que tambi\u00e9n reafirma su compromiso con la sostenibilidad y la innovaci\u00f3n en la aviaci\u00f3n regional.<\/p>\n","protected":false},"excerpt":{"rendered":"<p>La aerol\u00ednea optimiza tiempos de mantenimiento con un sistema de enfriamiento sostenible en San Andr\u00e9s<\/p>\n","protected":false},"author":2,"featured_media":8452,"comment_status":"closed","ping_status":"closed","sticky":false,"template":"","format":"standard","meta":{"om_disable_all_campaigns":false,"_monsterinsights_skip_tracking":false,"_monsterinsights_sitenote_active":false,"_monsterinsights_sitenote_note":"","_monsterinsights_sitenote_category":0,"footnotes":""},"categories":[102,104],"tags":[436],"class_list":["post-8451","post","type-post","status-publish","format-standard","has-post-thumbnail","hentry","category-generales","category-turismo","tag-satena"],"_links":{"self":[{"href":"https:\/\/cartagenaaldia.com\/index.php\/wp-json\/wp\/v2\/posts\/8451","targetHints":{"allow":["GET"]}}],"collection":[{"href":"https:\/\/cartagenaaldia.com\/index.php\/wp-json\/wp\/v2\/posts"}],"about":[{"href":"https:\/\/cartagenaaldia.com\/index.php\/wp-json\/wp\/v2\/types\/post"}],"author":[{"embeddable":true,"href":"https:\/\/cartagenaaldia.com\/index.php\/wp-json\/wp\/v2\/users\/2"}],"replies":[{"embeddable":true,"href":"https:\/\/cartagenaaldia.com\/index.php\/wp-json\/wp\/v2\/comments?post=8451"}],"version-history":[{"count":1,"href":"https:\/\/cartagenaaldia.com\/index.php\/wp-json\/wp\/v2\/posts\/8451\/revisions"}],"predecessor-version":[{"id":8453,"href":"https:\/\/cartagenaaldia.com\/index.php\/wp-json\/wp\/v2\/posts\/8451\/revisions\/8453"}],"wp:featuredmedia":[{"embeddable":true,"href":"https:\/\/cartagenaaldia.com\/index.php\/wp-json\/wp\/v2\/media\/8452"}],"wp:attachment":[{"href":"https:\/\/cartagenaaldia.com\/index.php\/wp-json\/wp\/v2\/media?parent=8451"}],"wp:term":[{"taxonomy":"category","embeddable":true,"href":"https:\/\/cartagenaaldia.com\/index.php\/wp-json\/wp\/v2\/categories?post=8451"},{"taxonomy":"post_tag","embeddable":true,"href":"https:\/\/cartagenaaldia.com\/index.php\/wp-json\/wp\/v2\/tags?post=8451"}],"curies":[{"name":"wp","href":"https:\/\/api.w.org\/{rel}","templated":true}]}}