{"id":8436,"date":"2025-02-17T23:08:05","date_gmt":"2025-02-18T04:08:05","guid":{"rendered":"https:\/\/cartagenaaldia.com\/?p=8436"},"modified":"2025-02-17T23:08:06","modified_gmt":"2025-02-18T04:08:06","slug":"ecopetrol-restablece-operacion-tras-falla-electrica-en-refineria-de-cartagena","status":"publish","type":"post","link":"https:\/\/cartagenaaldia.com\/index.php\/2025\/02\/17\/ecopetrol-restablece-operacion-tras-falla-electrica-en-refineria-de-cartagena\/","title":{"rendered":"Ecopetrol restablece operaci\u00f3n tras falla el\u00e9ctrica en refiner\u00eda de Cartagena"},"content":{"rendered":"\n<p><strong>Sala Redacci\u00f3n (IA). &#8211;<\/strong> Ecopetrol inform\u00f3 que la falla el\u00e9ctrica ocurrida el 14 de febrero en la refiner\u00eda de Cartagena fue identificada y corregida el 15 de febrero. Actualmente, la refiner\u00eda se encuentra en proceso de arranque secuencial de sus 35 unidades para normalizar la producci\u00f3n de refinados.<\/p>\n\n\n\n<p>Como parte del plan para restablecer la confiabilidad el\u00e9ctrica de la refiner\u00eda, Ecopetrol hab\u00eda comunicado el 23 de octubre de 2024 el inicio de un plan de mitigaci\u00f3n de riesgos asociados al suministro de energ\u00eda el\u00e9ctrica en sus instalaciones. Esto se debe a fallas detectadas en la subestaci\u00f3n SE01, con el prop\u00f3sito de evitar futuros cortes en el fluido el\u00e9ctrico.<\/p>\n\n\n\n<p>Se espera que a mediados del segundo semestre de 2025 dicho plan concluya exitosamente, garantizando la estabilidad y confiabilidad del sistema el\u00e9ctrico de la refiner\u00eda.<\/p>\n\n\n\n<p>Adem\u00e1s, Ecopetrol est\u00e1 adelantando un trabajo conjunto con la refiner\u00eda de Barrancabermeja para asegurar el suministro de combustible al resto del pa\u00eds mientras se estabiliza completamente la operaci\u00f3n en Cartagena.<\/p>\n\n\n\n<p>La refiner\u00eda de Cartagena cuenta con inventarios suficientes para abastecer la regi\u00f3n Caribe hasta que la producci\u00f3n de sus unidades de proceso est\u00e9 plenamente restablecida.<\/p>\n","protected":false},"excerpt":{"rendered":"<p>Energ\u00eda y producci\u00f3n en normalizaci\u00f3n tras incidente del 14 de febrero<\/p>\n","protected":false},"author":2,"featured_media":7011,"comment_status":"closed","ping_status":"closed","sticky":false,"template":"","format":"standard","meta":{"om_disable_all_campaigns":false,"_monsterinsights_skip_tracking":false,"_monsterinsights_sitenote_active":false,"_monsterinsights_sitenote_note":"","_monsterinsights_sitenote_category":0,"footnotes":""},"categories":[103,102],"tags":[230],"class_list":["post-8436","post","type-post","status-publish","format-standard","has-post-thumbnail","hentry","category-economia","category-generales","tag-ecopetrol"],"_links":{"self":[{"href":"https:\/\/cartagenaaldia.com\/index.php\/wp-json\/wp\/v2\/posts\/8436","targetHints":{"allow":["GET"]}}],"collection":[{"href":"https:\/\/cartagenaaldia.com\/index.php\/wp-json\/wp\/v2\/posts"}],"about":[{"href":"https:\/\/cartagenaaldia.com\/index.php\/wp-json\/wp\/v2\/types\/post"}],"author":[{"embeddable":true,"href":"https:\/\/cartagenaaldia.com\/index.php\/wp-json\/wp\/v2\/users\/2"}],"replies":[{"embeddable":true,"href":"https:\/\/cartagenaaldia.com\/index.php\/wp-json\/wp\/v2\/comments?post=8436"}],"version-history":[{"count":2,"href":"https:\/\/cartagenaaldia.com\/index.php\/wp-json\/wp\/v2\/posts\/8436\/revisions"}],"predecessor-version":[{"id":8439,"href":"https:\/\/cartagenaaldia.com\/index.php\/wp-json\/wp\/v2\/posts\/8436\/revisions\/8439"}],"wp:featuredmedia":[{"embeddable":true,"href":"https:\/\/cartagenaaldia.com\/index.php\/wp-json\/wp\/v2\/media\/7011"}],"wp:attachment":[{"href":"https:\/\/cartagenaaldia.com\/index.php\/wp-json\/wp\/v2\/media?parent=8436"}],"wp:term":[{"taxonomy":"category","embeddable":true,"href":"https:\/\/cartagenaaldia.com\/index.php\/wp-json\/wp\/v2\/categories?post=8436"},{"taxonomy":"post_tag","embeddable":true,"href":"https:\/\/cartagenaaldia.com\/index.php\/wp-json\/wp\/v2\/tags?post=8436"}],"curies":[{"name":"wp","href":"https:\/\/api.w.org\/{rel}","templated":true}]}}