{"id":8434,"date":"2025-02-21T00:29:21","date_gmt":"2025-02-21T05:29:21","guid":{"rendered":"https:\/\/cartagenaaldia.com\/?p=8434"},"modified":"2025-02-21T00:35:34","modified_gmt":"2025-02-21T05:35:34","slug":"ricardo-roa-solicita-derecho-de-rectificacion-a-periodista-maria-jimena-duzan-por-informacion-erronea","status":"publish","type":"post","link":"https:\/\/cartagenaaldia.com\/index.php\/2025\/02\/21\/ricardo-roa-solicita-derecho-de-rectificacion-a-periodista-maria-jimena-duzan-por-informacion-erronea\/","title":{"rendered":"Ricardo Roa solicita derecho de rectificaci\u00f3n a periodista Mar\u00eda Jimena Duz\u00e1n por informaci\u00f3n err\u00f3nea"},"content":{"rendered":"\n<p><strong>Sala Redacci\u00f3n (IA). &#8211;<\/strong> Ricardo Roa, presidente de Ecopetrol, ha presentado una solicitud formal de rectificaci\u00f3n ante la periodista Mar\u00eda Jimena Duz\u00e1n, luego de que esta publicara una columna en la que lo mencionaba en relaci\u00f3n con audios y supuestas reuniones con personas vinculadas a Diego Marin, un conocido empresario colombiano. Seg\u00fan Roa, las menciones de Duz\u00e1n son incorrectas, y sostiene que no ha sostenido ninguna conversaci\u00f3n ni reuni\u00f3n con las personas referidas en el art\u00edculo.<\/p>\n\n\n\n<p>El presidente de Ecopetrol desminti\u00f3 cualquier intento de acercamiento con Marin o con alguno de sus contactos, y enfatiz\u00f3 que las afirmaciones de la periodista no corresponden con la realidad de los hechos.<\/p>\n\n\n\n<p>La solicitud de rectificaci\u00f3n se basa en dos puntos fundamentales que Roa considera esenciales para aclarar los hechos. Primero, el presidente de Ecopetrol asegur\u00f3 que nunca estuvo involucrado en los eventos relacionados con un supuesto intento de ingreso de recursos provenientes de personas vinculadas a Diego Marin. En segundo lugar, neg\u00f3 categ\u00f3ricamente haber mantenido ninguna conversaci\u00f3n con las personas mencionadas por Duz\u00e1n en su columna, especificando que, de hecho, las interacciones a las que se refiere la periodista fueron con otros individuos, no con las personas se\u00f1aladas.<\/p>\n\n\n\n<p>\u201cMi postura siempre ha sido clara: no he tenido ning\u00fan contacto con personas cercanas a Diego Marin, y nunca he participado en conversaciones o reuniones que puedan asociarse con los hechos que la periodista describe\u201d, expres\u00f3 Roa. Asimismo, destac\u00f3 que las acusaciones carecen de fundamento y no se ajustan a la realidad.<\/p>\n\n\n\n<p>El presidente de Ecopetrol agreg\u00f3 que ha recurrido a sus abogados para formalizar la solicitud de rectificaci\u00f3n ante la periodista, con el objetivo de que se haga p\u00fablica una correcci\u00f3n que permita restablecer la verdad de los hechos.<\/p>\n\n\n\n<p>La solicitud de rectificaci\u00f3n se realiza en el marco de un derecho que est\u00e1 contemplado en la legislaci\u00f3n colombiana, en especial en el contexto de los medios de comunicaci\u00f3n. La ley establece que las personas o entidades que se vean afectadas por informaciones err\u00f3neas o difamatorias pueden solicitar la correcci\u00f3n p\u00fablica de dichas informaciones, con el objetivo de preservar la reputaci\u00f3n y los derechos de quienes se ven mencionados.<\/p>\n\n\n\n<p>Ricardo Roa, quien asumi\u00f3 la presidencia de Ecopetrol en 2019, ha sido un l\u00edder clave en la transformaci\u00f3n de la empresa estatal colombiana. Durante su gesti\u00f3n, ha trabajado en la modernizaci\u00f3n y expansi\u00f3n de la compa\u00f1\u00eda, as\u00ed como en la implementaci\u00f3n de pol\u00edticas de responsabilidad social y ambiental. Sin embargo, la figura de Roa tambi\u00e9n ha estado en el centro de varios debates p\u00fablicos, especialmente relacionados con el sector energ\u00e9tico y los desaf\u00edos que enfrenta el pa\u00eds en t\u00e9rminos de sostenibilidad y transici\u00f3n energ\u00e9tica.<\/p>\n\n\n\n<iframe src=\"https:\/\/widget.spreaker.com\/player?episode_id=64488320&#038;theme=light&#038;playlist=false&#038;playlist-continuous=false&#038;chapters-image=true&#038;episode_image_position=right&#038;hide-logo=false&#038;hide-likes=false&#038;hide-comments=false&#038;hide-sharing=false&#038;hide-download=true\" width=\"100%\" height=\"200px\" frameborder=\"0\"><\/iframe>\n","protected":false},"excerpt":{"rendered":"<p>El presidente de Ecopetrol rechaza acusaciones sobre reuniones con personas cercanas a Diego Marino y pide correcci\u00f3n p\u00fablica<\/p>\n","protected":false},"author":2,"featured_media":8498,"comment_status":"closed","ping_status":"closed","sticky":false,"template":"","format":"standard","meta":{"om_disable_all_campaigns":false,"_monsterinsights_skip_tracking":false,"_monsterinsights_sitenote_active":false,"_monsterinsights_sitenote_note":"","_monsterinsights_sitenote_category":0,"footnotes":""},"categories":[103,102],"tags":[230,396],"class_list":["post-8434","post","type-post","status-publish","format-standard","has-post-thumbnail","hentry","category-economia","category-generales","tag-ecopetrol","tag-ricardo-roa"],"_links":{"self":[{"href":"https:\/\/cartagenaaldia.com\/index.php\/wp-json\/wp\/v2\/posts\/8434","targetHints":{"allow":["GET"]}}],"collection":[{"href":"https:\/\/cartagenaaldia.com\/index.php\/wp-json\/wp\/v2\/posts"}],"about":[{"href":"https:\/\/cartagenaaldia.com\/index.php\/wp-json\/wp\/v2\/types\/post"}],"author":[{"embeddable":true,"href":"https:\/\/cartagenaaldia.com\/index.php\/wp-json\/wp\/v2\/users\/2"}],"replies":[{"embeddable":true,"href":"https:\/\/cartagenaaldia.com\/index.php\/wp-json\/wp\/v2\/comments?post=8434"}],"version-history":[{"count":2,"href":"https:\/\/cartagenaaldia.com\/index.php\/wp-json\/wp\/v2\/posts\/8434\/revisions"}],"predecessor-version":[{"id":8496,"href":"https:\/\/cartagenaaldia.com\/index.php\/wp-json\/wp\/v2\/posts\/8434\/revisions\/8496"}],"wp:featuredmedia":[{"embeddable":true,"href":"https:\/\/cartagenaaldia.com\/index.php\/wp-json\/wp\/v2\/media\/8498"}],"wp:attachment":[{"href":"https:\/\/cartagenaaldia.com\/index.php\/wp-json\/wp\/v2\/media?parent=8434"}],"wp:term":[{"taxonomy":"category","embeddable":true,"href":"https:\/\/cartagenaaldia.com\/index.php\/wp-json\/wp\/v2\/categories?post=8434"},{"taxonomy":"post_tag","embeddable":true,"href":"https:\/\/cartagenaaldia.com\/index.php\/wp-json\/wp\/v2\/tags?post=8434"}],"curies":[{"name":"wp","href":"https:\/\/api.w.org\/{rel}","templated":true}]}}