{"id":8428,"date":"2025-02-16T08:52:56","date_gmt":"2025-02-16T13:52:56","guid":{"rendered":"https:\/\/cartagenaaldia.com\/?p=8428"},"modified":"2025-02-16T08:52:57","modified_gmt":"2025-02-16T13:52:57","slug":"ecopetrol-atiende-falla-electrica-en-refineria-de-cartagena-sin-afectar-suministro-nacional","status":"publish","type":"post","link":"https:\/\/cartagenaaldia.com\/index.php\/2025\/02\/16\/ecopetrol-atiende-falla-electrica-en-refineria-de-cartagena-sin-afectar-suministro-nacional\/","title":{"rendered":"Ecopetrol atiende falla el\u00e9ctrica en refiner\u00eda de Cartagena sin afectar suministro nacional"},"content":{"rendered":"\n<p><strong>Sala Redacci\u00f3n (IA). &#8211;<\/strong> Ecopetrol inform\u00f3 que este viernes se present\u00f3 una afectaci\u00f3n el\u00e9ctrica en la subestaci\u00f3n principal de la refiner\u00eda de Cartagena, lo que produjo el apagado de las unidades de proceso. No obstante, la empresa asegur\u00f3 que el incidente no altera el normal suministro de combustibles en la regi\u00f3n Caribe ni en el resto del pa\u00eds.<\/p>\n\n\n\n<p>La compa\u00f1\u00eda se\u00f1al\u00f3 que la refiner\u00eda cuenta con inventarios de seguridad suficientes para garantizar el abastecimiento de combustibles a nivel nacional, evitando as\u00ed cualquier interrupci\u00f3n en el suministro.<\/p>\n\n\n\n<p>Ante el reporte de la situaci\u00f3n, Ecopetrol activ\u00f3 de inmediato su plan de contingencia para atender el problema y trabajar en el restablecimiento de las unidades afectadas. &#8220;Estamos comprometidos con la operaci\u00f3n segura y eficiente de nuestras instalaciones y trabajamos en la pronta normalizaci\u00f3n del servicio&#8221;, afirm\u00f3 la empresa en un comunicado oficial.<\/p>\n\n\n\n<p>El evento no gener\u00f3 afectaciones a personas ni a la infraestructura de la refiner\u00eda, seg\u00fan indic\u00f3 la compa\u00f1\u00eda. Adem\u00e1s, asegur\u00f3 que se adelantar\u00e1 una revisi\u00f3n exhaustiva para determinar las causas de la falla el\u00e9ctrica y tomar las medidas necesarias para evitar futuras interrupciones.<\/p>\n\n\n\n<p>Ecopetrol reafirm\u00f3 su compromiso con la seguridad y confiabilidad de sus operaciones, as\u00ed como con el suministro continuo de combustibles en el pa\u00eds. La refiner\u00eda de Cartagena es una de las principales instalaciones de procesamiento de hidrocarburos en Colombia, desempe\u00f1ando un papel clave en la garant\u00eda de energ\u00eda para la naci\u00f3n.<\/p>\n","protected":false},"excerpt":{"rendered":"<p>Empresa asegura suficiente inventario para abastecer la demanda tras incidente en subestaci\u00f3n principal<\/p>\n","protected":false},"author":2,"featured_media":7011,"comment_status":"closed","ping_status":"closed","sticky":false,"template":"","format":"standard","meta":{"om_disable_all_campaigns":false,"_monsterinsights_skip_tracking":false,"_monsterinsights_sitenote_active":false,"_monsterinsights_sitenote_note":"","_monsterinsights_sitenote_category":0,"footnotes":""},"categories":[103,102],"tags":[230],"class_list":["post-8428","post","type-post","status-publish","format-standard","has-post-thumbnail","hentry","category-economia","category-generales","tag-ecopetrol"],"_links":{"self":[{"href":"https:\/\/cartagenaaldia.com\/index.php\/wp-json\/wp\/v2\/posts\/8428","targetHints":{"allow":["GET"]}}],"collection":[{"href":"https:\/\/cartagenaaldia.com\/index.php\/wp-json\/wp\/v2\/posts"}],"about":[{"href":"https:\/\/cartagenaaldia.com\/index.php\/wp-json\/wp\/v2\/types\/post"}],"author":[{"embeddable":true,"href":"https:\/\/cartagenaaldia.com\/index.php\/wp-json\/wp\/v2\/users\/2"}],"replies":[{"embeddable":true,"href":"https:\/\/cartagenaaldia.com\/index.php\/wp-json\/wp\/v2\/comments?post=8428"}],"version-history":[{"count":1,"href":"https:\/\/cartagenaaldia.com\/index.php\/wp-json\/wp\/v2\/posts\/8428\/revisions"}],"predecessor-version":[{"id":8429,"href":"https:\/\/cartagenaaldia.com\/index.php\/wp-json\/wp\/v2\/posts\/8428\/revisions\/8429"}],"wp:featuredmedia":[{"embeddable":true,"href":"https:\/\/cartagenaaldia.com\/index.php\/wp-json\/wp\/v2\/media\/7011"}],"wp:attachment":[{"href":"https:\/\/cartagenaaldia.com\/index.php\/wp-json\/wp\/v2\/media?parent=8428"}],"wp:term":[{"taxonomy":"category","embeddable":true,"href":"https:\/\/cartagenaaldia.com\/index.php\/wp-json\/wp\/v2\/categories?post=8428"},{"taxonomy":"post_tag","embeddable":true,"href":"https:\/\/cartagenaaldia.com\/index.php\/wp-json\/wp\/v2\/tags?post=8428"}],"curies":[{"name":"wp","href":"https:\/\/api.w.org\/{rel}","templated":true}]}}