{"id":8339,"date":"2025-02-05T20:39:17","date_gmt":"2025-02-06T01:39:17","guid":{"rendered":"https:\/\/cartagenaaldia.com\/?p=8339"},"modified":"2025-02-05T20:39:17","modified_gmt":"2025-02-06T01:39:17","slug":"ecopetrol-inicia-venta-de-gas-natural-para-garantizar-abastecimiento-a-largo-plazo","status":"publish","type":"post","link":"https:\/\/cartagenaaldia.com\/index.php\/2025\/02\/05\/ecopetrol-inicia-venta-de-gas-natural-para-garantizar-abastecimiento-a-largo-plazo\/","title":{"rendered":"Ecopetrol inicia venta de gas natural para garantizar abastecimiento a largo plazo"},"content":{"rendered":"\n<p><strong>Sala Redacci\u00f3n (IA). &#8211;<\/strong> Ecopetrol anunci\u00f3 el inicio del <strong>proceso comercial de venta de gas natural<\/strong> proveniente de los <strong>campos Cusiana, Cupiagua y Cupiagua Sur<\/strong>, ubicados en el departamento de <strong>Casanare<\/strong>. La venta de estas cantidades se realizar\u00e1 conforme a las <strong>normas vigentes<\/strong>, garantizando el suministro a los agentes del mercado y priorizando la atenci\u00f3n de la <strong>demanda esencial<\/strong> en los pr\u00f3ximos a\u00f1os.<\/p>\n\n\n\n<p>La decisi\u00f3n de ofrecer este recurso busca enviar un mensaje de <strong>seguridad energ\u00e9tica<\/strong> al mercado colombiano, permitiendo a los distribuidores y agentes adquirir las cantidades necesarias mediante contratos a largo plazo.<\/p>\n\n\n\n<p><strong>Garant\u00eda de suministro y estabilidad para el mercado<\/strong><\/p>\n\n\n\n<p>La venta de gas natural bajo esquemas de contrataci\u00f3n a largo plazo permite a los actores del mercado acceder a <strong>suministro firme y estable<\/strong> en el tiempo, asegurando la disponibilidad diaria del recurso. Esto ha sido posible gracias a las medidas adoptadas por el <strong>Gobierno Nacional y el regulador<\/strong>, que han flexibilizado las reglas de comercializaci\u00f3n de gas natural.<\/p>\n\n\n\n<p>Este mecanismo <strong>beneficia a toda la cadena de suministro<\/strong>, especialmente a los distribuidores que atienden la <strong>demanda esencial<\/strong>, la cual comprende:<\/p>\n\n\n\n<ul class=\"wp-block-list\">\n<li><strong>Usuarios residenciales<\/strong><\/li>\n\n\n\n<li><strong>Sistema Nacional de Transporte<\/strong><\/li>\n\n\n\n<li><strong>Peque\u00f1os comercios<\/strong><\/li>\n\n\n\n<li><strong>Gas natural vehicular (GNV)<\/strong><\/li>\n<\/ul>\n\n\n\n<p><strong>Compromiso con la seguridad energ\u00e9tica<\/strong><\/p>\n\n\n\n<p>David Ria\u00f1o, vicepresidente Ejecutivo de Energ\u00edas para la Transici\u00f3n de Ecopetrol, reiter\u00f3 el compromiso de la empresa con el abastecimiento estable de gas natural para los pr\u00f3ximos tres a\u00f1os.<\/p>\n\n\n\n<p>&#8220;Reafirmamos nuestro compromiso con la seguridad energ\u00e9tica y el cumplimiento de nuestras obligaciones con nuestros clientes. Este proceso busca garantizar la continuidad del suministro y ofrecer certeza al mercado&#8221;, destac\u00f3 Ria\u00f1o.<\/p>\n\n\n\n<p><strong>Proceso de participaci\u00f3n y nuevas oportunidades<\/strong><\/p>\n\n\n\n<p>Los agentes interesados en adquirir gas natural a trav\u00e9s de este proceso comercial deber\u00e1n manifestar su inter\u00e9s antes del <strong>14 de marzo de 2025<\/strong>, cumpliendo con las condiciones establecidas en la p\u00e1gina web de Ecopetrol (<a href=\"http:\/\/www.ecopetrol.com.co\/\" target=\"_blank\" rel=\"noreferrer noopener\">www.ecopetrol.com.co<\/a>), en la secci\u00f3n <strong>grupos de inter\u00e9s<\/strong>, pesta\u00f1a <strong>clientes\/proveedores de negocio<\/strong>, en el apartado <strong>&#8220;Informaci\u00f3n Comercial Gas Natural&#8221;<\/strong>.<\/p>\n\n\n\n<p>Adem\u00e1s, Ecopetrol anunci\u00f3 que, una vez el <strong>regulador expida nuevas medidas sectoriales<\/strong>, se podr\u00e1n ofrecer cantidades adicionales de gas, ya sea de <strong>producci\u00f3n nacional o importado<\/strong>, fortaleciendo a\u00fan m\u00e1s la disponibilidad del recurso en el pa\u00eds.<\/p>\n\n\n\n<p>Con esta estrategia, Ecopetrol busca consolidar la <strong>seguridad energ\u00e9tica<\/strong>, brindar estabilidad a los agentes del mercado y garantizar un suministro confiable para los consumidores en los pr\u00f3ximos a\u00f1os.<\/p>\n","protected":false},"excerpt":{"rendered":"<p>El proceso comercial busca atender la demanda esencial y fortalecer la seguridad energ\u00e9tica del pa\u00eds<\/p>\n","protected":false},"author":2,"featured_media":8341,"comment_status":"closed","ping_status":"closed","sticky":false,"template":"","format":"standard","meta":{"om_disable_all_campaigns":false,"_monsterinsights_skip_tracking":false,"_monsterinsights_sitenote_active":false,"_monsterinsights_sitenote_note":"","_monsterinsights_sitenote_category":0,"footnotes":""},"categories":[103,102],"tags":[230],"class_list":["post-8339","post","type-post","status-publish","format-standard","has-post-thumbnail","hentry","category-economia","category-generales","tag-ecopetrol"],"_links":{"self":[{"href":"https:\/\/cartagenaaldia.com\/index.php\/wp-json\/wp\/v2\/posts\/8339","targetHints":{"allow":["GET"]}}],"collection":[{"href":"https:\/\/cartagenaaldia.com\/index.php\/wp-json\/wp\/v2\/posts"}],"about":[{"href":"https:\/\/cartagenaaldia.com\/index.php\/wp-json\/wp\/v2\/types\/post"}],"author":[{"embeddable":true,"href":"https:\/\/cartagenaaldia.com\/index.php\/wp-json\/wp\/v2\/users\/2"}],"replies":[{"embeddable":true,"href":"https:\/\/cartagenaaldia.com\/index.php\/wp-json\/wp\/v2\/comments?post=8339"}],"version-history":[{"count":2,"href":"https:\/\/cartagenaaldia.com\/index.php\/wp-json\/wp\/v2\/posts\/8339\/revisions"}],"predecessor-version":[{"id":8342,"href":"https:\/\/cartagenaaldia.com\/index.php\/wp-json\/wp\/v2\/posts\/8339\/revisions\/8342"}],"wp:featuredmedia":[{"embeddable":true,"href":"https:\/\/cartagenaaldia.com\/index.php\/wp-json\/wp\/v2\/media\/8341"}],"wp:attachment":[{"href":"https:\/\/cartagenaaldia.com\/index.php\/wp-json\/wp\/v2\/media?parent=8339"}],"wp:term":[{"taxonomy":"category","embeddable":true,"href":"https:\/\/cartagenaaldia.com\/index.php\/wp-json\/wp\/v2\/categories?post=8339"},{"taxonomy":"post_tag","embeddable":true,"href":"https:\/\/cartagenaaldia.com\/index.php\/wp-json\/wp\/v2\/tags?post=8339"}],"curies":[{"name":"wp","href":"https:\/\/api.w.org\/{rel}","templated":true}]}}