{"id":8330,"date":"2025-02-03T17:07:55","date_gmt":"2025-02-03T22:07:55","guid":{"rendered":"https:\/\/cartagenaaldia.com\/?p=8330"},"modified":"2025-02-03T17:07:55","modified_gmt":"2025-02-03T22:07:55","slug":"comunidad-de-el-recreo-reconoce-la-excelencia-del-hospital-universitario-del-caribe","status":"publish","type":"post","link":"https:\/\/cartagenaaldia.com\/index.php\/2025\/02\/03\/comunidad-de-el-recreo-reconoce-la-excelencia-del-hospital-universitario-del-caribe\/","title":{"rendered":"Comunidad de El Recreo reconoce la excelencia del Hospital Universitario del Caribe"},"content":{"rendered":"\n<p><strong>Hospital Universitario del Caribe recibe reconocimiento de la comunidad de El Recreo<\/strong><\/p>\n\n\n\n<p><strong>Sala Redacci\u00f3n (IA). &#8211;<\/strong> El <strong>Hospital Universitario del Caribe (HUC)<\/strong> ha sido honrado con un reconocimiento especial por parte de la comunidad del barrio <strong>El Recreo<\/strong>, en agradecimiento por la <strong>excelente atenci\u00f3n m\u00e9dica y el compromiso<\/strong> con sus pacientes.<\/p>\n\n\n\n<p>L\u00edderes y representantes comunitarios entregaron este reconocimiento destacando la <strong>calidad, calidez y humanizaci\u00f3n del servicio<\/strong> brindado en el hospital, resaltando la labor del personal m\u00e9dico y administrativo que d\u00eda a d\u00eda trabaja por la salud de los ciudadanos.<\/p>\n\n\n\n<p><strong>Un reconocimiento a la dedicaci\u00f3n y compromiso del HUC<\/strong><\/p>\n\n\n\n<p>El gerente del hospital, <strong>Rodrigo Arzuza Jim\u00e9nez<\/strong>, expres\u00f3 su gratitud por este homenaje, asegurando que es un reflejo de la confianza que la comunidad deposita en el HUC:<\/p>\n\n\n\n<p><em>\u201cEste reconocimiento es un testimonio de la confianza y satisfacci\u00f3n que la comunidad tiene en nuestro centro asistencial, y es un est\u00edmulo para seguir trabajando con entrega y dedicaci\u00f3n para brindar un servicio de alta calidad a todos nuestros pacientes\u201d<\/em>, afirm\u00f3 Arzuza Jim\u00e9nez.<\/p>\n\n\n\n<p>Asimismo, el gerente enfatiz\u00f3 que el compromiso del hospital es continuar mejorando la calidad del servicio:<\/p>\n\n\n\n<p><em>\u201cEstamos muy agradecidos por este reconocimiento, que es un reflejo de la labor ardua y comprometida de todo el equipo del Hospital Universitario del Caribe\u201d<\/em>.<\/p>\n\n\n\n<p>El <strong>Hospital Universitario del Caribe<\/strong> ha sido un referente en la prestaci\u00f3n de servicios m\u00e9dicos en la regi\u00f3n, garantizando atenci\u00f3n integral a miles de pacientes. Gracias a su equipo altamente capacitado y su enfoque en la <strong>humanizaci\u00f3n del servicio<\/strong>, el hospital se ha ganado el respeto y la admiraci\u00f3n de la comunidad.<\/p>\n\n\n\n<p><strong>Compromiso con la excelencia en la atenci\u00f3n m\u00e9dica<\/strong><\/p>\n\n\n\n<p>El HUC no solo se ha distinguido por su <strong>atenci\u00f3n de calidad<\/strong>, sino tambi\u00e9n por sus iniciativas en <strong>mejoras en infraestructura, capacitaci\u00f3n del personal y adopci\u00f3n de nuevas tecnolog\u00edas<\/strong> para optimizar la prestaci\u00f3n del servicio.<\/p>\n\n\n\n<p>En este sentido, Arzuza Jim\u00e9nez asegur\u00f3 que el hospital seguir\u00e1 trabajando arduamente para mantener los m\u00e1s altos est\u00e1ndares en salud:<\/p>\n\n\n\n<p><em>\u201cSeguiremos trabajando para mantener y mejorar la calidad de nuestro servicio, y para seguir siendo un referente en la atenci\u00f3n m\u00e9dica en la regi\u00f3n\u201d<\/em>.<\/p>\n\n\n\n<p>Este reconocimiento de la comunidad de <strong>El Recreo<\/strong> reafirma la importancia de la relaci\u00f3n entre los centros de salud y la poblaci\u00f3n, promoviendo la confianza y el sentido de pertenencia hacia una instituci\u00f3n que vela por el bienestar de todos.<\/p>\n\n\n\n<p>El <strong>Hospital Universitario del Caribe<\/strong> agradece a la comunidad por este valioso reconocimiento y reafirma su compromiso de <strong>seguir brindando una atenci\u00f3n humanizada, eficiente y de alta calidad<\/strong>.<\/p>\n","protected":false},"excerpt":{"rendered":"<p>Destacan la calidad, calidez y humanizaci\u00f3n en la atenci\u00f3n de pacientes en el HUC<\/p>\n","protected":false},"author":2,"featured_media":8331,"comment_status":"closed","ping_status":"closed","sticky":false,"template":"","format":"standard","meta":{"om_disable_all_campaigns":false,"_monsterinsights_skip_tracking":false,"_monsterinsights_sitenote_active":false,"_monsterinsights_sitenote_note":"","_monsterinsights_sitenote_category":0,"footnotes":""},"categories":[110,102,109],"tags":[662,343],"class_list":["post-8330","post","type-post","status-publish","format-standard","has-post-thumbnail","hentry","category-bolivar","category-generales","category-salud","tag-hospital-universitario-caribe","tag-huc"],"_links":{"self":[{"href":"https:\/\/cartagenaaldia.com\/index.php\/wp-json\/wp\/v2\/posts\/8330","targetHints":{"allow":["GET"]}}],"collection":[{"href":"https:\/\/cartagenaaldia.com\/index.php\/wp-json\/wp\/v2\/posts"}],"about":[{"href":"https:\/\/cartagenaaldia.com\/index.php\/wp-json\/wp\/v2\/types\/post"}],"author":[{"embeddable":true,"href":"https:\/\/cartagenaaldia.com\/index.php\/wp-json\/wp\/v2\/users\/2"}],"replies":[{"embeddable":true,"href":"https:\/\/cartagenaaldia.com\/index.php\/wp-json\/wp\/v2\/comments?post=8330"}],"version-history":[{"count":1,"href":"https:\/\/cartagenaaldia.com\/index.php\/wp-json\/wp\/v2\/posts\/8330\/revisions"}],"predecessor-version":[{"id":8332,"href":"https:\/\/cartagenaaldia.com\/index.php\/wp-json\/wp\/v2\/posts\/8330\/revisions\/8332"}],"wp:featuredmedia":[{"embeddable":true,"href":"https:\/\/cartagenaaldia.com\/index.php\/wp-json\/wp\/v2\/media\/8331"}],"wp:attachment":[{"href":"https:\/\/cartagenaaldia.com\/index.php\/wp-json\/wp\/v2\/media?parent=8330"}],"wp:term":[{"taxonomy":"category","embeddable":true,"href":"https:\/\/cartagenaaldia.com\/index.php\/wp-json\/wp\/v2\/categories?post=8330"},{"taxonomy":"post_tag","embeddable":true,"href":"https:\/\/cartagenaaldia.com\/index.php\/wp-json\/wp\/v2\/tags?post=8330"}],"curies":[{"name":"wp","href":"https:\/\/api.w.org\/{rel}","templated":true}]}}