{"id":8326,"date":"2025-02-03T16:40:58","date_gmt":"2025-02-03T21:40:58","guid":{"rendered":"https:\/\/cartagenaaldia.com\/?p=8326"},"modified":"2025-02-03T16:40:59","modified_gmt":"2025-02-03T21:40:59","slug":"exito-total-en-san-estanislao-entrenadores-se-capacitan-en-entrenamiento-deportivo","status":"publish","type":"post","link":"https:\/\/cartagenaaldia.com\/index.php\/2025\/02\/03\/exito-total-en-san-estanislao-entrenadores-se-capacitan-en-entrenamiento-deportivo\/","title":{"rendered":"\u00c9xito total en San Estanislao: entrenadores se capacitan en entrenamiento deportivo"},"content":{"rendered":"\n<p><strong>San Estanislao cierra con \u00e9xito ciclo de conferencias sobre entrenamiento deportivo<\/strong><\/p>\n\n\n\n<p><strong>Sala Redacci\u00f3n (IA). &#8211;<\/strong> El ciclo de conferencias sobre <strong>fundamentos del entrenamiento deportivo<\/strong> culmin\u00f3 con gran \u00e9xito en <strong>San Estanislao de Kotska<\/strong>, donde entrenadores de b\u00e9isbol y otros actores deportivos se capacitaron para fortalecer sus conocimientos en metodolog\u00edas de formaci\u00f3n, desarrollo de talentos y normativas del ejercicio profesional del entrenador.<\/p>\n\n\n\n<p>Este evento fue impulsado por la <strong>Gobernaci\u00f3n de Bol\u00edvar<\/strong> a trav\u00e9s del <strong>Instituto Departamental de Deporte y Recreaci\u00f3n de Bol\u00edvar (Iderbol)<\/strong>, en colaboraci\u00f3n con la Alcald\u00eda de San Estanislao, reafirmando el compromiso con la mejora continua del deporte en el departamento.<\/p>\n\n\n\n<p><strong>Un espacio de aprendizaje y crecimiento profesional<\/strong><\/p>\n\n\n\n<p>Durante las jornadas de capacitaci\u00f3n, los asistentes profundizaron en <strong>principios clave del entrenamiento deportivo<\/strong>, como:<\/p>\n\n\n\n<ul class=\"wp-block-list\">\n<li>Desarrollo de talentos y habilidades motrices b\u00e1sicas.<\/li>\n\n\n\n<li>Carga del entrenamiento y evaluaci\u00f3n del desempe\u00f1o.<\/li>\n\n\n\n<li>Importancia del entrenador como modelo de referencia.<\/li>\n\n\n\n<li>Regulaci\u00f3n del ejercicio profesional seg\u00fan la <strong>Ley 2210 de 2022<\/strong>.<\/li>\n<\/ul>\n\n\n\n<p>Los entrenadores expresaron su satisfacci\u00f3n con la formaci\u00f3n recibida y destacaron su impacto en la planificaci\u00f3n y desarrollo del entrenamiento para sus deportistas.<\/p>\n\n\n\n<p><em>\u201cLos conocimientos que nos est\u00e1n brindando son muy importantes para dise\u00f1ar un buen plan de entrenamiento para nuestros deportistas\u201d<\/em>, manifest\u00f3 <strong>Mauricio Rodr\u00edguez<\/strong>.<\/p>\n\n\n\n<p>Por su parte, <strong>Ricardo Narv\u00e1ez<\/strong>, entrenador de b\u00e9isbol, resalt\u00f3 la importancia de esta capacitaci\u00f3n:<\/p>\n\n\n\n<p><em>\u201cEstoy muy agradecido con Iderbol por esta oportunidad. Ahora sabemos c\u00f3mo brindar un tratamiento especial a nuestros ni\u00f1os para desarrollar y fortalecer sus habilidades f\u00edsicas\u201d<\/em>.<\/p>\n\n\n\n<p><strong>Presencia de entrenadores de \u00e9lite y pr\u00f3xima fase en Arjona<\/strong><\/p>\n\n\n\n<p>El evento cont\u00f3 con la participaci\u00f3n de reconocidos entrenadores que han sido <strong>formadores de glorias del b\u00e9isbol colombiano<\/strong>, lo que enriqueci\u00f3 a\u00fan m\u00e1s la experiencia de aprendizaje para los asistentes.<\/p>\n\n\n\n<p>Dada la gran acogida y el impacto positivo de esta iniciativa, los participantes han solicitado la implementaci\u00f3n de una <strong>segunda fase del ciclo de formaci\u00f3n<\/strong>, enfocada en la <strong>planificaci\u00f3n y aplicaci\u00f3n de estrategias en alto rendimiento<\/strong>.<\/p>\n\n\n\n<p>El pr\u00f3ximo destino de esta iniciativa ser\u00e1 <strong>Arjona<\/strong>, donde, del <strong>6 al 8 de febrero de 2025<\/strong>, continuar\u00e1 la capacitaci\u00f3n de entrenadores y actores deportivos del departamento, fortaleciendo a\u00fan m\u00e1s el deporte en Bol\u00edvar.<\/p>\n","protected":false},"excerpt":{"rendered":"<p>Iderbol y la Gobernaci\u00f3n de Bol\u00edvar impulsan formaci\u00f3n clave para entrenadores de b\u00e9isbol<\/p>\n","protected":false},"author":2,"featured_media":8327,"comment_status":"closed","ping_status":"closed","sticky":false,"template":"","format":"standard","meta":{"om_disable_all_campaigns":false,"_monsterinsights_skip_tracking":false,"_monsterinsights_sitenote_active":false,"_monsterinsights_sitenote_note":"","_monsterinsights_sitenote_category":0,"footnotes":""},"categories":[106,102],"tags":[380,136],"class_list":["post-8326","post","type-post","status-publish","format-standard","has-post-thumbnail","hentry","category-deporte","category-generales","tag-gobernacion-bolivar","tag-iderbol"],"_links":{"self":[{"href":"https:\/\/cartagenaaldia.com\/index.php\/wp-json\/wp\/v2\/posts\/8326","targetHints":{"allow":["GET"]}}],"collection":[{"href":"https:\/\/cartagenaaldia.com\/index.php\/wp-json\/wp\/v2\/posts"}],"about":[{"href":"https:\/\/cartagenaaldia.com\/index.php\/wp-json\/wp\/v2\/types\/post"}],"author":[{"embeddable":true,"href":"https:\/\/cartagenaaldia.com\/index.php\/wp-json\/wp\/v2\/users\/2"}],"replies":[{"embeddable":true,"href":"https:\/\/cartagenaaldia.com\/index.php\/wp-json\/wp\/v2\/comments?post=8326"}],"version-history":[{"count":1,"href":"https:\/\/cartagenaaldia.com\/index.php\/wp-json\/wp\/v2\/posts\/8326\/revisions"}],"predecessor-version":[{"id":8328,"href":"https:\/\/cartagenaaldia.com\/index.php\/wp-json\/wp\/v2\/posts\/8326\/revisions\/8328"}],"wp:featuredmedia":[{"embeddable":true,"href":"https:\/\/cartagenaaldia.com\/index.php\/wp-json\/wp\/v2\/media\/8327"}],"wp:attachment":[{"href":"https:\/\/cartagenaaldia.com\/index.php\/wp-json\/wp\/v2\/media?parent=8326"}],"wp:term":[{"taxonomy":"category","embeddable":true,"href":"https:\/\/cartagenaaldia.com\/index.php\/wp-json\/wp\/v2\/categories?post=8326"},{"taxonomy":"post_tag","embeddable":true,"href":"https:\/\/cartagenaaldia.com\/index.php\/wp-json\/wp\/v2\/tags?post=8326"}],"curies":[{"name":"wp","href":"https:\/\/api.w.org\/{rel}","templated":true}]}}