{"id":8267,"date":"2025-01-26T22:55:46","date_gmt":"2025-01-27T03:55:46","guid":{"rendered":"https:\/\/cartagenaaldia.com\/?p=8267"},"modified":"2025-01-26T22:57:40","modified_gmt":"2025-01-27T03:57:40","slug":"hay-festival-jerico-2025-un-espacio-de-dialogo-y-cultura-que-sigue-transformando-la-region","status":"publish","type":"post","link":"https:\/\/cartagenaaldia.com\/index.php\/2025\/01\/26\/hay-festival-jerico-2025-un-espacio-de-dialogo-y-cultura-que-sigue-transformando-la-region\/","title":{"rendered":"Hay Festival Jeric\u00f3 2025: Un espacio de di\u00e1logo y cultura que sigue transformando la regi\u00f3n"},"content":{"rendered":"\n<p><strong>Sala Redacci\u00f3n (IA). &#8211;<\/strong> El <strong>Hay Festival Jeric\u00f3<\/strong> cerr\u00f3 su s\u00e9ptima edici\u00f3n con un balance positivo, consolid\u00e1ndose como un evento clave para la cultura, el turismo y el desarrollo de la regi\u00f3n. Durante tres d\u00edas, m\u00e1s de <strong>16.300 personas<\/strong> participaron en cerca de <strong>60 actividades<\/strong> organizadas en diferentes escenarios del municipio, reafirmando la importancia de estos espacios de di\u00e1logo y reflexi\u00f3n en la sociedad actual.<\/p>\n\n\n\n<p>Los asistentes pudieron disfrutar de conversatorios con reconocidos escritores, periodistas y artistas, quienes compartieron sus pensamientos sobre literatura, historia, conciencia, resiliencia y comunidad. En esta edici\u00f3n, el <strong>parque principal de Jeric\u00f3, el Teatro Santamar\u00eda, el Museo de Arte Religioso y el MAJA (Museo de Antropolog\u00eda y Artes)<\/strong> fueron los epicentros de este festival de ideas.<\/p>\n\n\n\n<h2 class=\"wp-block-heading\"><strong>Jeric\u00f3, un municipio que abraza la cultura<\/strong><\/h2>\n\n\n\n<p>El festival no solo enriqueci\u00f3 intelectualmente a sus asistentes, sino que tambi\u00e9n gener\u00f3 un impacto econ\u00f3mico significativo en la regi\u00f3n. Durante el evento, Jeric\u00f3 <strong>alcanz\u00f3 una ocupaci\u00f3n hotelera del 100%<\/strong>, adem\u00e1s de registrar un <strong>incremento en los recorridos gastron\u00f3micos y en las ventas de comerciantes, artesanos y emprendedores<\/strong>.<\/p>\n\n\n\n<p>Un hecho destacado de esta edici\u00f3n fue la <strong>decoraci\u00f3n espont\u00e1nea<\/strong> por parte de las familias jericoanas, quienes, adem\u00e1s de las m\u00e1s de 100 sombrillas instaladas por la organizaci\u00f3n, a\u00f1adieron sus propias decoraciones florales y sombrillas para dar la bienvenida a los visitantes.<\/p>\n\n\n\n<h2 class=\"wp-block-heading\"><strong>Grandes invitados y conversaciones memorables<\/strong><\/h2>\n\n\n\n<p>Entre los escritores y pensadores que hicieron parte del festival se destacaron <strong>Gioconda Belli, Alma Guillermoprieto, Bocafloja, Virginia Mendoza y Rafael Navarro<\/strong>, adem\u00e1s de los colombianos <strong>Pablo Montoya, Sara Jaramillo Klinkert, Alejandro Gaviria, Melba Escobar y Juan Gabriel V\u00e1squez<\/strong>.<\/p>\n\n\n\n<p>Una de las conversaciones m\u00e1s esperadas y concurridas fue la del ciclista colombiano <strong>Rigoberto Ur\u00e1n<\/strong>, quien present\u00f3 su nuevo libro <strong>&#8220;Rigo&#8221;<\/strong>, basado en su historia de vida. Este conversatorio en el parque central fue seguido de un espect\u00e1culo musical a cargo de <strong>Los Cumbia Star<\/strong>, que cerr\u00f3 la jornada con un ambiente festivo.<\/p>\n\n\n\n<h2 class=\"wp-block-heading\"><strong>Reconocimiento a la labor del Hay Festival<\/strong><\/h2>\n\n\n\n<p>Durante la jornada de cierre, <strong>Comfama<\/strong>, como aliado del festival, rindi\u00f3 un homenaje especial a los organizadores del evento, destacando su impacto en la comunidad y su contribuci\u00f3n a la cultura en Colombia.<\/p>\n\n\n\n<p>Cristina Fuentes La Roche, directora del Hay Festival Internacional, recibi\u00f3 el reconocimiento y expres\u00f3 que <strong>&#8220;hoy m\u00e1s que nunca es fundamental crear espacios como este y mantenerlos a lo largo de los a\u00f1os para construir comunidad y reducir la polarizaci\u00f3n&#8221;<\/strong>.<\/p>\n\n\n\n<p>Por su parte, <strong>David Escobar Arango, director de Comfama<\/strong>, destac\u00f3 la importancia de recordar el esfuerzo que ha permitido consolidar a Jeric\u00f3 como epicentro cultural de Colombia en los \u00faltimos siete a\u00f1os.<\/p>\n\n\n\n<p>El <strong>alcalde de Jeric\u00f3, Sebasti\u00e1n Garc\u00e9s<\/strong>, tambi\u00e9n manifest\u00f3 su deseo de que el festival contin\u00fae en el municipio: <strong>&#8220;Vamos por m\u00e1s a\u00f1os. Jeric\u00f3 debe seguir siendo la casa del Hay Festival, un municipio cuyo patrimonio es la cultura, el civismo y la calidad de su gente&#8221;<\/strong>.<\/p>\n\n\n\n<h2 class=\"wp-block-heading\"><strong>Hacia el futuro del Hay Festival Jeric\u00f3<\/strong><\/h2>\n\n\n\n<p>Concluida esta edici\u00f3n, el Hay Festival Jeric\u00f3 <strong>sigue posicion\u00e1ndose como un evento transformador<\/strong> que, adem\u00e1s de reunir a grandes exponentes del pensamiento y la literatura, fortalece la econom\u00eda local y promueve el turismo cultural.<\/p>\n\n\n\n<p>El reto para los pr\u00f3ximos a\u00f1os ser\u00e1 <strong>mantener y ampliar su impacto<\/strong>, consolidando a Jeric\u00f3 como un referente de di\u00e1logo y cultura en el pa\u00eds. Sin duda, este festival ha demostrado que las ideas, el arte y la literatura pueden cambiar realidades y contribuir al desarrollo de una comunidad.<\/p>\n","protected":false},"excerpt":{"rendered":"<p>M\u00e1s de 16.300 asistentes disfrutaron de la s\u00e9ptima edici\u00f3n del festival en Antioquia<\/p>\n","protected":false},"author":2,"featured_media":8270,"comment_status":"closed","ping_status":"closed","sticky":false,"template":"","format":"standard","meta":{"om_disable_all_campaigns":false,"_monsterinsights_skip_tracking":false,"_monsterinsights_sitenote_active":false,"_monsterinsights_sitenote_note":"","_monsterinsights_sitenote_category":0,"footnotes":""},"categories":[107,102],"tags":[289,661],"class_list":["post-8267","post","type-post","status-publish","format-standard","has-post-thumbnail","hentry","category-cultura","category-generales","tag-hay-festival","tag-hay-festival-jerico"],"_links":{"self":[{"href":"https:\/\/cartagenaaldia.com\/index.php\/wp-json\/wp\/v2\/posts\/8267","targetHints":{"allow":["GET"]}}],"collection":[{"href":"https:\/\/cartagenaaldia.com\/index.php\/wp-json\/wp\/v2\/posts"}],"about":[{"href":"https:\/\/cartagenaaldia.com\/index.php\/wp-json\/wp\/v2\/types\/post"}],"author":[{"embeddable":true,"href":"https:\/\/cartagenaaldia.com\/index.php\/wp-json\/wp\/v2\/users\/2"}],"replies":[{"embeddable":true,"href":"https:\/\/cartagenaaldia.com\/index.php\/wp-json\/wp\/v2\/comments?post=8267"}],"version-history":[{"count":3,"href":"https:\/\/cartagenaaldia.com\/index.php\/wp-json\/wp\/v2\/posts\/8267\/revisions"}],"predecessor-version":[{"id":8272,"href":"https:\/\/cartagenaaldia.com\/index.php\/wp-json\/wp\/v2\/posts\/8267\/revisions\/8272"}],"wp:featuredmedia":[{"embeddable":true,"href":"https:\/\/cartagenaaldia.com\/index.php\/wp-json\/wp\/v2\/media\/8270"}],"wp:attachment":[{"href":"https:\/\/cartagenaaldia.com\/index.php\/wp-json\/wp\/v2\/media?parent=8267"}],"wp:term":[{"taxonomy":"category","embeddable":true,"href":"https:\/\/cartagenaaldia.com\/index.php\/wp-json\/wp\/v2\/categories?post=8267"},{"taxonomy":"post_tag","embeddable":true,"href":"https:\/\/cartagenaaldia.com\/index.php\/wp-json\/wp\/v2\/tags?post=8267"}],"curies":[{"name":"wp","href":"https:\/\/api.w.org\/{rel}","templated":true}]}}