{"id":8254,"date":"2025-01-26T14:45:18","date_gmt":"2025-01-26T19:45:18","guid":{"rendered":"https:\/\/cartagenaaldia.com\/?p=8254"},"modified":"2025-01-26T14:45:19","modified_gmt":"2025-01-26T19:45:19","slug":"turbaco-fue-sede-de-la-primera-conferencia-sobre-bases-del-entrenamiento-deportivo","status":"publish","type":"post","link":"https:\/\/cartagenaaldia.com\/index.php\/2025\/01\/26\/turbaco-fue-sede-de-la-primera-conferencia-sobre-bases-del-entrenamiento-deportivo\/","title":{"rendered":"Turbaco fue sede de la primera conferencia sobre Bases del Entrenamiento Deportivo"},"content":{"rendered":"\n<p>Durante tres d\u00edas consecutivos, el municipio de Turbaco fue el epicentro de la <strong>primera conferencia sobre Bases del Entrenamiento Deportivo<\/strong>, una iniciativa organizada por la <strong>Gobernaci\u00f3n de Bol\u00edvar, a trav\u00e9s de Iderbol, y la Alcald\u00eda de Turbaco, mediante el IMDERT<\/strong>.<\/p>\n\n\n\n<p>La jornada cont\u00f3 con la participaci\u00f3n de <strong>m\u00e1s de 40 personas<\/strong>, entre instructores, entrenadores, licenciados en educaci\u00f3n f\u00edsica y p\u00fablico en general, con el prop\u00f3sito de <strong>fortalecer sus conocimientos sobre el desarrollo del talento deportivo<\/strong> en el departamento.<\/p>\n\n\n\n<h3 class=\"wp-block-heading\"><strong>Tem\u00e1ticas clave para el crecimiento del deporte en Bol\u00edvar<\/strong><\/h3>\n\n\n\n<p>El ciclo de conferencias se llev\u00f3 a cabo en un <strong>ambiente de aprendizaje e intercambio<\/strong>, abarcando aspectos fundamentales para el desarrollo integral del deporte, tales como:<\/p>\n\n\n\n<p>\u2705 <strong>Fundamentos y bases del entrenamiento deportivo.<\/strong><br>\u2705 <strong>Principios del entrenamiento y el desarrollo de talentos.<\/strong><br>\u2705 <strong>Habilidades motrices b\u00e1sicas.<\/strong><br>\u2705 <strong>Carga del entrenamiento deportivo.<\/strong><br>\u2705 <strong>El rol del entrenador como modelo a seguir.<\/strong><br>\u2705 <strong>Fortalecimiento en el proceso de preparaci\u00f3n deportiva.<\/strong><br>\u2705 <strong>Evaluaci\u00f3n del entrenamiento.<\/strong><br>\u2705 <strong>Fundamentos de la Ley 2210 de 2022 del Entrenador Deportivo.<\/strong><\/p>\n\n\n\n<p>Los participantes destacaron la importancia de esta capacitaci\u00f3n para <strong>mejorar sus m\u00e9todos de entrenamiento<\/strong> y contribuir a la <strong>formaci\u00f3n de mejores deportistas en Bol\u00edvar<\/strong>.<\/p>\n\n\n\n<h3 class=\"wp-block-heading\"><strong>Expansi\u00f3n del programa de formaci\u00f3n deportiva<\/strong><\/h3>\n\n\n\n<p>Gracias al \u00e9xito de la conferencia en Turbaco, la <strong>Gobernaci\u00f3n de Bol\u00edvar continuar\u00e1 con este ciclo de capacitaciones<\/strong>, llevando el programa a <strong>San Estanislao de Kostka<\/strong> del <strong>29 al 31 de enero de 2025<\/strong>.<\/p>\n\n\n\n<p>Esta iniciativa reafirma el compromiso de las autoridades departamentales y municipales con el <strong>fortalecimiento de la cultura deportiva<\/strong>, asegurando que entrenadores y formadores cuenten con las herramientas necesarias para potenciar el talento local.<\/p>\n\n\n\n<p><em>&#8220;El deporte y la recreaci\u00f3n siguen siendo pilares fundamentales para el desarrollo de Bol\u00edvar, y con estas capacitaciones estamos impulsando el crecimiento del talento deportivo en nuestro departamento&#8221;,<\/em> destacaron los organizadores del evento.<\/p>\n\n\n\n<p>Con estas acciones, Bol\u00edvar sigue consolid\u00e1ndose como una regi\u00f3n que apuesta por el deporte, la educaci\u00f3n y el desarrollo de su comunidad.<\/p>\n\n\n\n<figure class=\"wp-block-image size-large\"><img fetchpriority=\"high\" decoding=\"async\" width=\"1024\" height=\"640\" src=\"https:\/\/cartagenaaldia.com\/wp-content\/uploads\/2025\/01\/IDERBOL-Curso-2-1024x640.webp\" alt=\"\" class=\"wp-image-8258\"\/><\/figure>\n","protected":false},"excerpt":{"rendered":"<p>M\u00e1s de 40 personas participaron en la capacitaci\u00f3n para fortalecer el talento deportivo en Bol\u00edvar<\/p>\n","protected":false},"author":2,"featured_media":8255,"comment_status":"closed","ping_status":"closed","sticky":false,"template":"","format":"standard","meta":{"om_disable_all_campaigns":false,"_monsterinsights_skip_tracking":false,"_monsterinsights_sitenote_active":false,"_monsterinsights_sitenote_note":"","_monsterinsights_sitenote_category":0,"footnotes":""},"categories":[106,102],"tags":[136],"class_list":["post-8254","post","type-post","status-publish","format-standard","has-post-thumbnail","hentry","category-deporte","category-generales","tag-iderbol"],"_links":{"self":[{"href":"https:\/\/cartagenaaldia.com\/index.php\/wp-json\/wp\/v2\/posts\/8254","targetHints":{"allow":["GET"]}}],"collection":[{"href":"https:\/\/cartagenaaldia.com\/index.php\/wp-json\/wp\/v2\/posts"}],"about":[{"href":"https:\/\/cartagenaaldia.com\/index.php\/wp-json\/wp\/v2\/types\/post"}],"author":[{"embeddable":true,"href":"https:\/\/cartagenaaldia.com\/index.php\/wp-json\/wp\/v2\/users\/2"}],"replies":[{"embeddable":true,"href":"https:\/\/cartagenaaldia.com\/index.php\/wp-json\/wp\/v2\/comments?post=8254"}],"version-history":[{"count":3,"href":"https:\/\/cartagenaaldia.com\/index.php\/wp-json\/wp\/v2\/posts\/8254\/revisions"}],"predecessor-version":[{"id":8259,"href":"https:\/\/cartagenaaldia.com\/index.php\/wp-json\/wp\/v2\/posts\/8254\/revisions\/8259"}],"wp:featuredmedia":[{"embeddable":true,"href":"https:\/\/cartagenaaldia.com\/index.php\/wp-json\/wp\/v2\/media\/8255"}],"wp:attachment":[{"href":"https:\/\/cartagenaaldia.com\/index.php\/wp-json\/wp\/v2\/media?parent=8254"}],"wp:term":[{"taxonomy":"category","embeddable":true,"href":"https:\/\/cartagenaaldia.com\/index.php\/wp-json\/wp\/v2\/categories?post=8254"},{"taxonomy":"post_tag","embeddable":true,"href":"https:\/\/cartagenaaldia.com\/index.php\/wp-json\/wp\/v2\/tags?post=8254"}],"curies":[{"name":"wp","href":"https:\/\/api.w.org\/{rel}","templated":true}]}}