{"id":8248,"date":"2025-01-25T14:17:02","date_gmt":"2025-01-25T19:17:02","guid":{"rendered":"https:\/\/cartagenaaldia.com\/?p=8248"},"modified":"2025-01-25T14:22:56","modified_gmt":"2025-01-25T19:22:56","slug":"camara-de-comercio-de-cartagena-impulsa-a-jovenes-emprendedores-con-generacion-emprendedora","status":"publish","type":"post","link":"https:\/\/cartagenaaldia.com\/index.php\/2025\/01\/25\/camara-de-comercio-de-cartagena-impulsa-a-jovenes-emprendedores-con-generacion-emprendedora\/","title":{"rendered":"C\u00e1mara de Comercio de Cartagena impulsa a j\u00f3venes emprendedores con Generaci\u00f3n Emprendedora"},"content":{"rendered":"\n<p>La C\u00e1mara de Comercio de Cartagena, en alianza con <strong>USAID, Acdivoca y la Fundaci\u00f3n Promigas<\/strong>, realiz\u00f3 el <strong>primer encuentro de j\u00f3venes resilientes<\/strong> del proyecto <strong>Generaci\u00f3n Emprendedora<\/strong>, un espacio que reuni\u00f3 a <strong>150 j\u00f3venes emprendedores<\/strong> de la regi\u00f3n. Este evento marca un hito en el camino hacia la <strong>formalizaci\u00f3n, competitividad y renovaci\u00f3n empresarial juvenil<\/strong> en Bol\u00edvar.<\/p>\n\n\n\n<h3 class=\"wp-block-heading\"><strong>Un proyecto para empoderar a los j\u00f3venes emprendedores<\/strong><\/h3>\n\n\n\n<p>Generaci\u00f3n Emprendedora tiene como objetivo <strong>impulsar el liderazgo y la innovaci\u00f3n<\/strong> en j\u00f3venes empresarios emergentes a trav\u00e9s de mentor\u00edas, acceso a recursos y actividades formativas. Este enfoque fomenta el trabajo colaborativo y el desarrollo de capacidades empresariales, esenciales para la sostenibilidad de sus negocios.<\/p>\n\n\n\n<p>Durante los \u00faltimos <strong>nueve a\u00f1os<\/strong>, la C\u00e1mara de Comercio de Cartagena ha beneficiado a m\u00e1s de <strong>21,000 j\u00f3venes y emprendedores<\/strong> con programas orientados a fortalecer el ecosistema empresarial juvenil en la regi\u00f3n, consolid\u00e1ndose como una <strong>plataforma clave para el emprendimiento<\/strong>.<\/p>\n\n\n\n<p><em>&#8220;Este encuentro no solo permiti\u00f3 que los j\u00f3venes hicieran networking y fortalecieran sus redes de contacto, sino que tambi\u00e9n conocieran la oferta descentralizada de la C\u00e1mara de Comercio de Cartagena. Queremos seguir tejiendo progreso en Bol\u00edvar con iniciativas que impacten positivamente a la comunidad&#8221;,<\/em> destac\u00f3 <strong>Carlos Payares Cure, Director de Desarrollo Estrat\u00e9gico-Empresarial<\/strong> de la C\u00e1mara de Comercio de Cartagena.<\/p>\n\n\n\n<h3 class=\"wp-block-heading\"><strong>Apoyo con activos productivos para fortalecer negocios<\/strong><\/h3>\n\n\n\n<p>Como parte de Generaci\u00f3n Emprendedora, <strong>el 80% de los participantes recibir\u00e1n activos productivos<\/strong>, herramientas dise\u00f1adas para <strong>potenciar sus negocios y generar ingresos sostenibles<\/strong>. Este tipo de apoyo fortalece la capacidad empresarial de los j\u00f3venes y mejora su calidad de vida.<\/p>\n\n\n\n<p>Con esta iniciativa, la <strong>C\u00e1mara de Comercio de Cartagena, junto a USAID, Acdivoca y la Fundaci\u00f3n Promigas<\/strong>, reafirma su compromiso con la <strong>transformaci\u00f3n econ\u00f3mica de Bol\u00edvar<\/strong> y el <strong>crecimiento del emprendimiento juvenil<\/strong>.<\/p>\n\n\n\n<h3 class=\"wp-block-heading\"><strong>Matr\u00edcula Joven: una oportunidad para formalizar negocios<\/strong><\/h3>\n\n\n\n<p>Dentro del programa Generaci\u00f3n Emprendedora, la C\u00e1mara de Comercio de Cartagena ha impulsado la <strong>estrategia Matr\u00edcula Joven<\/strong>, una iniciativa que busca <strong>incentivar la formalizaci\u00f3n de negocios<\/strong> liderados por j\u00f3venes emprendedores.<\/p>\n\n\n\n<p>Con esta estrategia, los emprendedores pueden acceder a:<\/p>\n\n\n\n<p>\u2705 <strong>Inscripci\u00f3n y renovaci\u00f3n de negocios<\/strong> con costos reducidos.<br>\u2705 <strong>Formaci\u00f3n empresarial<\/strong>, talleres y mentor\u00edas personalizadas.<br>\u2705 <strong>Herramientas para fortalecer sus unidades productivas<\/strong> y mejorar su competitividad en el mercado.<\/p>\n\n\n\n<p>Con Generaci\u00f3n Emprendedora y Matr\u00edcula Joven, la <strong>C\u00e1mara de Comercio de Cartagena sigue apostando por el desarrollo sostenible<\/strong> de los j\u00f3venes y sus emprendimientos, consolidando a Bol\u00edvar como una regi\u00f3n de oportunidades y progreso.<\/p>\n\n\n\n<figure class=\"wp-block-image size-large\"><img fetchpriority=\"high\" decoding=\"async\" width=\"1024\" height=\"683\" src=\"https:\/\/cartagenaaldia.com\/wp-content\/uploads\/2025\/01\/Camara-Cartagena-Renovacion-1-1-1024x683.webp\" alt=\"\" class=\"wp-image-8251\"\/><\/figure>\n","protected":false},"excerpt":{"rendered":"<p>150 j\u00f3venes participaron en el primer encuentro de Generaci\u00f3n Emprendedora en Bol\u00edvar<\/p>\n","protected":false},"author":2,"featured_media":8249,"comment_status":"closed","ping_status":"closed","sticky":false,"template":"","format":"standard","meta":{"om_disable_all_campaigns":false,"_monsterinsights_skip_tracking":false,"_monsterinsights_sitenote_active":false,"_monsterinsights_sitenote_note":"","_monsterinsights_sitenote_category":0,"footnotes":""},"categories":[103,102],"tags":[428,120],"class_list":["post-8248","post","type-post","status-publish","format-standard","has-post-thumbnail","hentry","category-economia","category-generales","tag-camara-cartagena","tag-camara-comercio-cartagena"],"_links":{"self":[{"href":"https:\/\/cartagenaaldia.com\/index.php\/wp-json\/wp\/v2\/posts\/8248","targetHints":{"allow":["GET"]}}],"collection":[{"href":"https:\/\/cartagenaaldia.com\/index.php\/wp-json\/wp\/v2\/posts"}],"about":[{"href":"https:\/\/cartagenaaldia.com\/index.php\/wp-json\/wp\/v2\/types\/post"}],"author":[{"embeddable":true,"href":"https:\/\/cartagenaaldia.com\/index.php\/wp-json\/wp\/v2\/users\/2"}],"replies":[{"embeddable":true,"href":"https:\/\/cartagenaaldia.com\/index.php\/wp-json\/wp\/v2\/comments?post=8248"}],"version-history":[{"count":2,"href":"https:\/\/cartagenaaldia.com\/index.php\/wp-json\/wp\/v2\/posts\/8248\/revisions"}],"predecessor-version":[{"id":8253,"href":"https:\/\/cartagenaaldia.com\/index.php\/wp-json\/wp\/v2\/posts\/8248\/revisions\/8253"}],"wp:featuredmedia":[{"embeddable":true,"href":"https:\/\/cartagenaaldia.com\/index.php\/wp-json\/wp\/v2\/media\/8249"}],"wp:attachment":[{"href":"https:\/\/cartagenaaldia.com\/index.php\/wp-json\/wp\/v2\/media?parent=8248"}],"wp:term":[{"taxonomy":"category","embeddable":true,"href":"https:\/\/cartagenaaldia.com\/index.php\/wp-json\/wp\/v2\/categories?post=8248"},{"taxonomy":"post_tag","embeddable":true,"href":"https:\/\/cartagenaaldia.com\/index.php\/wp-json\/wp\/v2\/tags?post=8248"}],"curies":[{"name":"wp","href":"https:\/\/api.w.org\/{rel}","templated":true}]}}