{"id":8230,"date":"2025-01-23T21:33:51","date_gmt":"2025-01-24T02:33:51","guid":{"rendered":"https:\/\/cartagenaaldia.com\/?p=8230"},"modified":"2025-01-23T21:33:52","modified_gmt":"2025-01-24T02:33:52","slug":"colombia-avanza-en-el-patinaje-sobre-hielo-con-miras-a-los-juegos-olimpicos-de-invierno-2026","status":"publish","type":"post","link":"https:\/\/cartagenaaldia.com\/index.php\/2025\/01\/23\/colombia-avanza-en-el-patinaje-sobre-hielo-con-miras-a-los-juegos-olimpicos-de-invierno-2026\/","title":{"rendered":"Colombia avanza en el patinaje sobre hielo con miras a los Juegos Ol\u00edmpicos de Invierno 2026"},"content":{"rendered":"\n<p><strong>Sala Redacci\u00f3n (IA). &#8211;<\/strong> Consolidando el crecimiento del <strong>patinaje sobre hielo en Colombia<\/strong>, el presidente de la <strong>Federaci\u00f3n Colombiana de Patinaje (Fedepat\u00edn), Alberto Herrera Ayala<\/strong>, se reuni\u00f3 con los patinadores colombianos que adelantan su proceso en <strong>Estados Unidos<\/strong>, con el fin de trazar los objetivos para la temporada 2024-2025 y proyectar la participaci\u00f3n del pa\u00eds en las competencias clasificatorias a los <strong>Juegos Ol\u00edmpicos de Invierno 2026<\/strong>, que se celebrar\u00e1n en <strong>Mil\u00e1n, Italia<\/strong>.<\/p>\n\n\n\n<p>El encuentro se llev\u00f3 a cabo en el <strong>\u00d3valo Ol\u00edmpico de Salt Lake City, Utah<\/strong>, donde Herrera Ayala estuvo acompa\u00f1ado por el <strong>vicepresidente de Fedepat\u00edn, Jorge Rold\u00e1n P\u00e9rez<\/strong>, y los principales representantes colombianos en esta disciplina, quienes compiten en diferentes categor\u00edas y modalidades:<\/p>\n\n\n\n<ul class=\"wp-block-list\">\n<li><strong>Short Track (Pista Corta):<\/strong>\n<ul class=\"wp-block-list\">\n<li><strong>Thomas Est\u00e9vez<\/strong> (S\u00e9nior)<\/li>\n<\/ul>\n<\/li>\n\n\n\n<li><strong>Long Track (Pista Larga):<\/strong>\n<ul class=\"wp-block-list\">\n<li><strong>\u00c1ngelo Verdugo<\/strong> (J\u00fanior)<\/li>\n\n\n\n<li><strong>Laura Michelle Rodr\u00edguez<\/strong> (J\u00fanior)<\/li>\n\n\n\n<li><strong>Natalia Valencia<\/strong> (S\u00e9nior)<\/li>\n\n\n\n<li><strong>Karen Siatama<\/strong> (J\u00fanior)<\/li>\n\n\n\n<li><strong>Isabela Vargas<\/strong> (J\u00fanior)<\/li>\n\n\n\n<li><strong>Jean Carlo Lugo<\/strong> (S\u00e9nior)<\/li>\n<\/ul>\n<\/li>\n<\/ul>\n\n\n\n<p>Adem\u00e1s, en el encuentro se reconoci\u00f3 el trabajo de <strong>Isabela Caicedo y Luna Campos<\/strong>, quienes adelantan su preparaci\u00f3n en <strong>Quebec, Canad\u00e1<\/strong>, en la modalidad de short track, as\u00ed como el de <strong>Luna D\u00edaz<\/strong>, quien entrena en <strong>Inzell, Alemania<\/strong>, en long track.<\/p>\n\n\n\n<h3 class=\"wp-block-heading\"><strong>Objetivo: Clasificaci\u00f3n Ol\u00edmpica y Desarrollo a Futuro<\/strong><\/h3>\n\n\n\n<p>El presidente de Fedepat\u00edn destac\u00f3 la importancia de este encuentro, subrayando que el compromiso con los deportistas es fundamental para garantizar su crecimiento y el \u00e9xito del patinaje sobre hielo en Colombia.<\/p>\n\n\n\n<p><em>&#8220;Es vital reafirmarles a los deportistas el respaldo total de la Federaci\u00f3n. Debemos tener claridad sobre el camino a seguir para alcanzar la clasificaci\u00f3n a los Juegos Ol\u00edmpicos de Invierno 2026, en Italia. Adem\u00e1s, ya debemos comenzar a proyectarnos hacia los Juegos Ol\u00edmpicos de Invierno de la Juventud 2028, cuya sede se definir\u00e1 el pr\u00f3ximo 30 de enero en el congreso del Comit\u00e9 Ol\u00edmpico Internacional\u201d<\/em>, se\u00f1al\u00f3 Herrera Ayala.<\/p>\n\n\n\n<h3 class=\"wp-block-heading\"><strong>Competencias internacionales en la mira<\/strong><\/h3>\n\n\n\n<p>Los patinadores colombianos contin\u00faan su preparaci\u00f3n para enfrentar importantes retos internacionales en los pr\u00f3ximos meses. Entre las competiciones m\u00e1s relevantes del calendario se destacan:<\/p>\n\n\n\n<ul class=\"wp-block-list\">\n<li><strong>Long Track (Pista Larga):<\/strong>\n<ul class=\"wp-block-list\">\n<li><strong>3\u00aa Copa Mundo J\u00fanior<\/strong> en <strong>Collalbo, Italia<\/strong> (1 y 2 de febrero) \u2013 Participar\u00e1n <strong>Isabela Vargas y Luna D\u00edaz<\/strong>.<\/li>\n\n\n\n<li><strong>J\u00fanior Speed Skating Championships<\/strong> (Campeonato Mundial J\u00fanior) en <strong>Italia<\/strong> (7 al 9 de febrero).<\/li>\n<\/ul>\n<\/li>\n\n\n\n<li><strong>Short Track (Pista Corta):<\/strong>\n<ul class=\"wp-block-list\">\n<li><strong>Copa Mundo de Quebec, Canad\u00e1<\/strong> (21 al 23 de febrero) \u2013 Participar\u00e1n <strong>Isabela Caicedo y Luna Campos<\/strong>.<\/li>\n\n\n\n<li><strong>World Junior Short Track Championships<\/strong> (Campeonato Mundial J\u00fanior) en <strong>Calgary, Canad\u00e1<\/strong> (27 de febrero al 2 de marzo).<\/li>\n<\/ul>\n<\/li>\n<\/ul>\n\n\n\n<h3 class=\"wp-block-heading\"><strong>Colombia sigue creciendo en el patinaje sobre hielo<\/strong><\/h3>\n\n\n\n<p>Gracias al esfuerzo de la Federaci\u00f3n Colombiana de Patinaje y la dedicaci\u00f3n de los deportistas, Colombia sigue posicion\u00e1ndose en el panorama internacional del <strong>patinaje sobre hielo<\/strong>, una disciplina en la que el pa\u00eds ha venido creciendo de manera significativa en los \u00faltimos a\u00f1os.<\/p>\n\n\n\n<p>La meta es clara: continuar con el proceso de formaci\u00f3n y competencia para consolidar la participaci\u00f3n colombiana en los pr\u00f3ximos <strong>Juegos Ol\u00edmpicos de Invierno 2026<\/strong> y garantizar el desarrollo de nuevos talentos que representen al pa\u00eds en futuras ediciones del evento.<\/p>\n","protected":false},"excerpt":{"rendered":"<p>Presidente de Fedepat\u00edn reafirma su compromiso con los deportistas en Estados Unidos<\/p>\n","protected":false},"author":2,"featured_media":8231,"comment_status":"closed","ping_status":"closed","sticky":false,"template":"","format":"standard","meta":{"om_disable_all_campaigns":false,"_monsterinsights_skip_tracking":false,"_monsterinsights_sitenote_active":false,"_monsterinsights_sitenote_note":"","_monsterinsights_sitenote_category":0,"footnotes":""},"categories":[106,102],"tags":[655],"class_list":["post-8230","post","type-post","status-publish","format-standard","has-post-thumbnail","hentry","category-deporte","category-generales","tag-fedepatin"],"_links":{"self":[{"href":"https:\/\/cartagenaaldia.com\/index.php\/wp-json\/wp\/v2\/posts\/8230","targetHints":{"allow":["GET"]}}],"collection":[{"href":"https:\/\/cartagenaaldia.com\/index.php\/wp-json\/wp\/v2\/posts"}],"about":[{"href":"https:\/\/cartagenaaldia.com\/index.php\/wp-json\/wp\/v2\/types\/post"}],"author":[{"embeddable":true,"href":"https:\/\/cartagenaaldia.com\/index.php\/wp-json\/wp\/v2\/users\/2"}],"replies":[{"embeddable":true,"href":"https:\/\/cartagenaaldia.com\/index.php\/wp-json\/wp\/v2\/comments?post=8230"}],"version-history":[{"count":1,"href":"https:\/\/cartagenaaldia.com\/index.php\/wp-json\/wp\/v2\/posts\/8230\/revisions"}],"predecessor-version":[{"id":8232,"href":"https:\/\/cartagenaaldia.com\/index.php\/wp-json\/wp\/v2\/posts\/8230\/revisions\/8232"}],"wp:featuredmedia":[{"embeddable":true,"href":"https:\/\/cartagenaaldia.com\/index.php\/wp-json\/wp\/v2\/media\/8231"}],"wp:attachment":[{"href":"https:\/\/cartagenaaldia.com\/index.php\/wp-json\/wp\/v2\/media?parent=8230"}],"wp:term":[{"taxonomy":"category","embeddable":true,"href":"https:\/\/cartagenaaldia.com\/index.php\/wp-json\/wp\/v2\/categories?post=8230"},{"taxonomy":"post_tag","embeddable":true,"href":"https:\/\/cartagenaaldia.com\/index.php\/wp-json\/wp\/v2\/tags?post=8230"}],"curies":[{"name":"wp","href":"https:\/\/api.w.org\/{rel}","templated":true}]}}