{"id":8210,"date":"2025-01-21T19:21:16","date_gmt":"2025-01-22T00:21:16","guid":{"rendered":"https:\/\/cartagenaaldia.com\/?p=8210"},"modified":"2025-01-21T19:21:17","modified_gmt":"2025-01-22T00:21:17","slug":"john-montoya-canas-asumira-la-gerencia-de-aguas-de-cartagena-a-partir-de-febrero","status":"publish","type":"post","link":"https:\/\/cartagenaaldia.com\/index.php\/2025\/01\/21\/john-montoya-canas-asumira-la-gerencia-de-aguas-de-cartagena-a-partir-de-febrero\/","title":{"rendered":"John Montoya Ca\u00f1as asumir\u00e1 la gerencia de Aguas de Cartagena a partir de febrero"},"content":{"rendered":"\n<p><strong>Sala Redacci\u00f3n (IA). &#8211; <\/strong>Este martes 21 de enero, la <strong>junta directiva extraordinaria de Aguas de Cartagena S.A. E.S.P.<\/strong> aprob\u00f3 por unanimidad el relevo en la gerencia de la empresa, con la <strong>designaci\u00f3n de John Montoya Ca\u00f1as<\/strong> como nuevo gerente general a partir del <strong>1\u00ba de febrero de 2025<\/strong>.<\/p>\n\n\n\n<p>La decisi\u00f3n fue solicitada por el <strong>socio operador, la Sociedad General Aguas de Barcelona, filial del Grupo Veolia<\/strong>, y presentada por la <strong>Dra. Judith Buelvas P\u00e9rez, Directora Pa\u00eds de Veolia Colombia-Panam\u00e1<\/strong>.<\/p>\n\n\n\n<h3 class=\"wp-block-heading\"><strong>John Montoya Ca\u00f1as regresa a Aguas de Cartagena<\/strong><\/h3>\n\n\n\n<p>El <strong>Dr. John Montoya Ca\u00f1as<\/strong> es contador de profesi\u00f3n, con estudios en <strong>Alta Gerencia y Desarrollo de Negocios<\/strong>. Con <strong>m\u00e1s de 30 a\u00f1os de experiencia en el sector de servicios p\u00fablicos domiciliarios<\/strong>, ha liderado <strong>Aguas de Cartagena<\/strong> en dos periodos anteriores y ha ocupado <strong>posiciones gerenciales en China y Espa\u00f1a<\/strong> dentro del Grupo Veolia.<\/p>\n\n\n\n<p>Su m\u00e1s reciente cargo fue como <strong>gerente general de Aquaoccidente en Palmira<\/strong>, donde consolid\u00f3 su experiencia en la gesti\u00f3n de servicios p\u00fablicos. Con este nombramiento, <strong>Montoya Ca\u00f1as regresa a la empresa para seguir impulsando su crecimiento y compromiso con Cartagena<\/strong>.<\/p>\n\n\n\n<h3 class=\"wp-block-heading\"><strong>Reconocimiento a la gesti\u00f3n de Manuel Vicente Barrera<\/strong><\/h3>\n\n\n\n<p>El actual gerente, <strong>Dr. Manuel Vicente Barrera Medina<\/strong>, asumir\u00e1 nuevas responsabilidades dentro del Grupo Veolia. Desde febrero, pasar\u00e1 a <strong>liderar la Direcci\u00f3n de Operaciones de Agua para Colombia y Panam\u00e1<\/strong>, supervisando la gesti\u00f3n de este segmento en <strong>18 municipios del pa\u00eds<\/strong>.<\/p>\n\n\n\n<p>Durante su administraci\u00f3n en <strong>Aguas de Cartagena<\/strong>, la empresa alcanz\u00f3 importantes logros, entre los que destacan:<\/p>\n\n\n\n<p>\u2714 <strong>Calificaci\u00f3n de largo plazo \u2018AAA(col)\u2019 y corto plazo \u2018F1+(col)\u2019 con Perspectiva Estable<\/strong>, otorgada por <strong>Fitch Ratings<\/strong>.<br>\u2714 <strong>Fortalecimiento financiero y operativo<\/strong>, consolidando a <strong>Aguas de Cartagena<\/strong> como una de las empresas m\u00e1s s\u00f3lidas del sector en Colombia.<\/p>\n\n\n\n<p>Veolia destac\u00f3 el liderazgo de Barrera y su contribuci\u00f3n en el desarrollo y consolidaci\u00f3n de la empresa.<\/p>\n\n\n\n<h3 class=\"wp-block-heading\"><strong>Compromiso con la \u201cCartagena del futuro\u201d<\/strong><\/h3>\n\n\n\n<p>Durante el anuncio, <strong>Veolia reafirm\u00f3 su compromiso con la ciudad<\/strong> y anunci\u00f3 que pr\u00f3ximamente presentar\u00e1 <strong>un ambicioso plan de inversiones<\/strong> en coordinaci\u00f3n con la <strong>Alcald\u00eda de Cartagena<\/strong>.<\/p>\n\n\n\n<p>Este plan busca fortalecer los proyectos de infraestructura y sostenibilidad que garanticen el desarrollo de la ciudad y la prestaci\u00f3n eficiente del servicio de agua potable y saneamiento b\u00e1sico.<\/p>\n\n\n\n<p>En los pr\u00f3ximos d\u00edas se llevar\u00e1 a cabo el <strong>proceso de empalme<\/strong> entre el Dr. <strong>Manuel Vicente Barrera Medina<\/strong> y el Dr. <strong>John Montoya Ca\u00f1as<\/strong>, garantizando una transici\u00f3n ordenada en la direcci\u00f3n de la empresa.<\/p>\n","protected":false},"excerpt":{"rendered":"<p>El relevo en la gerencia busca fortalecer el crecimiento y compromiso con la ciudad<\/p>\n","protected":false},"author":2,"featured_media":8212,"comment_status":"closed","ping_status":"closed","sticky":false,"template":"","format":"standard","meta":{"om_disable_all_campaigns":false,"_monsterinsights_skip_tracking":false,"_monsterinsights_sitenote_active":false,"_monsterinsights_sitenote_note":"","_monsterinsights_sitenote_category":0,"footnotes":""},"categories":[103,102],"tags":[248,275],"class_list":["post-8210","post","type-post","status-publish","format-standard","has-post-thumbnail","hentry","category-economia","category-generales","tag-aguas-de-cartagena","tag-alcaldia-cartagena"],"_links":{"self":[{"href":"https:\/\/cartagenaaldia.com\/index.php\/wp-json\/wp\/v2\/posts\/8210","targetHints":{"allow":["GET"]}}],"collection":[{"href":"https:\/\/cartagenaaldia.com\/index.php\/wp-json\/wp\/v2\/posts"}],"about":[{"href":"https:\/\/cartagenaaldia.com\/index.php\/wp-json\/wp\/v2\/types\/post"}],"author":[{"embeddable":true,"href":"https:\/\/cartagenaaldia.com\/index.php\/wp-json\/wp\/v2\/users\/2"}],"replies":[{"embeddable":true,"href":"https:\/\/cartagenaaldia.com\/index.php\/wp-json\/wp\/v2\/comments?post=8210"}],"version-history":[{"count":2,"href":"https:\/\/cartagenaaldia.com\/index.php\/wp-json\/wp\/v2\/posts\/8210\/revisions"}],"predecessor-version":[{"id":8213,"href":"https:\/\/cartagenaaldia.com\/index.php\/wp-json\/wp\/v2\/posts\/8210\/revisions\/8213"}],"wp:featuredmedia":[{"embeddable":true,"href":"https:\/\/cartagenaaldia.com\/index.php\/wp-json\/wp\/v2\/media\/8212"}],"wp:attachment":[{"href":"https:\/\/cartagenaaldia.com\/index.php\/wp-json\/wp\/v2\/media?parent=8210"}],"wp:term":[{"taxonomy":"category","embeddable":true,"href":"https:\/\/cartagenaaldia.com\/index.php\/wp-json\/wp\/v2\/categories?post=8210"},{"taxonomy":"post_tag","embeddable":true,"href":"https:\/\/cartagenaaldia.com\/index.php\/wp-json\/wp\/v2\/tags?post=8210"}],"curies":[{"name":"wp","href":"https:\/\/api.w.org\/{rel}","templated":true}]}}